{"id":5107,"date":"2019-11-26T23:54:34","date_gmt":"2019-11-26T20:54:34","guid":{"rendered":"https:\/\/sitecenneti.com\/wordpress\/?p=5107"},"modified":"2019-11-26T23:54:36","modified_gmt":"2019-11-26T20:54:36","slug":"7-4-wordpress-temasini-test-etme","status":"publish","type":"post","link":"https:\/\/sitecenneti.com\/wordpress\/wordpress-tema-yapimi\/7-4-wordpress-temasini-test-etme\/","title":{"rendered":"7.4 WordPress Temas\u0131n\u0131 Test Etme"},"content":{"rendered":"<div id=\"toc_container\" class=\"toc_transparent no_bullets\"><p class=\"toc_title\">BU DERS\u0130N BA\u015eLIKLARI<\/p><ul class=\"toc_list\"><li><a href=\"#WordPress_Temamiz_Icin_Test_Datasi_Yukleme\"><span class=\"toc_number toc_depth_1\">1<\/span> WordPress Temam\u0131z \u0130\u00e7in Test Datas\u0131 Y\u00fckleme<\/a><ul><li><a href=\"#Test_Datasinin_Temaya_Yuklenmesi\"><span class=\"toc_number toc_depth_2\">1.1<\/span> Test Datas\u0131n\u0131n Temaya Y\u00fcklenmesi<\/a><\/li><\/ul><\/li><li><a href=\"#Gerekli_Ayarlari_Yapma\"><span class=\"toc_number toc_depth_1\">2<\/span> Gerekli Ayarlar\u0131 Yapma<\/a><\/li><li><a href=\"#Temayi_Test_Icerigi_Ile_Test_Etme\"><span class=\"toc_number toc_depth_1\">3<\/span> Temay\u0131 Test \u0130\u00e7eri\u011fi \u0130le Test Etme<\/a><ul><li><a href=\"#Temayi_Manuel_Olarak_Test_Etme\"><span class=\"toc_number toc_depth_2\">3.1<\/span> Temay\u0131 Manuel Olarak Test Etme<\/a><\/li><li><a href=\"#Eklenti_Ile_Temayi_Test_Etme\"><span class=\"toc_number toc_depth_2\">3.2<\/span> Eklenti \u0130le Temay\u0131 Test Etme<\/a><\/li><\/ul><\/li><\/ul><\/div>\n\n<p>Bir WordPress temas\u0131 kodlad\u0131\u011f\u0131m\u0131zda, her \u015feyi WordPress standartlar\u0131na uygun olarak yapt\u0131\u011f\u0131m\u0131zdan emin olmak isteriz. Bundan emin olmak m\u00fcmk\u00fcnd\u00fcr. Okumaya devam edin.<\/p>\n\n\n\n<h2 class=\"wp-block-heading\"><span id=\"WordPress_Temamiz_Icin_Test_Datasi_Yukleme\">WordPress Temam\u0131z \u0130\u00e7in Test Datas\u0131 Y\u00fckleme<\/span><\/h2>\n\n\n\n<p>WordPress temam\u0131z\u0131 test etmeye ba\u015flamadan \u00f6nce, temam\u0131za test i\u00e7erikleri (yaz\u0131lar, sayfalar, etiketler, kullan\u0131c\u0131lar, kategoriler, resimler,&#8230;) y\u00fckleyerek, temam\u0131z\u0131n bu i\u00e7erikleri beklendi\u011fi gibi sunup sunmad\u0131\u011f\u0131n\u0131 kontrol edebiliriz.<\/p>\n\n\n\n<p>Temam\u0131za test i\u00e7erikleri y\u00fcklemenin birden fazla yolu vard\u0131r. Bunlardan biri de&nbsp;<a rel=\"noreferrer noopener\" aria-label=\" (yeni sekmede a\u00e7\u0131l\u0131r)\" href=\"https:\/\/github.com\/WPTRT\/theme-unit-test\/blob\/master\/themeunittestdata.wordpress.xml\" target=\"_blank\">Theme Unit Test Data<\/a>&nbsp;dosyas\u0131d\u0131r.<\/p>\n\n\n\n<p>Bu dosyay\u0131 edinmek i\u00e7in, verilen ba\u011flant\u0131ya giderek indirebiliriz ya da i\u00e7eri\u011fini tamamen kopyalay\u0131p bir kod edit\u00f6r\u00fcnde bo\u015f bir sayfaya yap\u0131\u015ft\u0131rabilir bu sayfay\u0131 bir <code>xml<\/code> dosyas\u0131 olarak herhangi bir isimle kaydedebiliriz. Bu dosyan\u0131n sitemize ekleyece\u011fi i\u00e7eriklerin \u0130ngilizce oldu\u011funu da belirtelim. Bu durum, \u015fu an i\u00e7in bir sorun te\u015fkil etmeyecektir, \u00e7\u00fcnk\u00fc bizim bu i\u00e7eri\u011fi y\u00fcklerken amac\u0131m\u0131z i\u00e7eri\u011fin kendisini de\u011fil, temam\u0131z\u0131n nas\u0131l \u00e7al\u0131\u015ft\u0131\u011f\u0131n\u0131 g\u00f6rmektir.<\/p>\n\n\n\n<h3 class=\"wp-block-heading\"><span id=\"Test_Datasinin_Temaya_Yuklenmesi\">Test Datas\u0131n\u0131n Temaya Y\u00fcklenmesi<\/span><\/h3>\n\n\n\n<p>Test i\u00e7eri\u011fi i\u00e7ereren <code>xml<\/code> dosyas\u0131n\u0131 indirdikten sonra, a\u015fa\u011f\u0131daki ad\u0131mlar\u0131 takip ederek bu dosyay\u0131 temam\u0131za y\u00fckleyebiliriz.<\/p>\n\n\n\n<ul class=\"wp-block-list\"><li>Sitenizin y\u00f6netim paneline y\u00f6netici (administrator) olarak giri\u015f yap\u0131n.<\/li><li>Y\u00f6netim panelinde <strong>Ara\u00e7lar-&gt;\u0130\u00e7e aktar<\/strong> sayfas\u0131na gidelim.<\/li><\/ul>\n\n\n\n<div class=\"wp-block-image\"><figure class=\"aligncenter size-large\"><img loading=\"lazy\" decoding=\"async\" width=\"746\" height=\"260\" src=\"https:\/\/sitecenneti.com\/wordpress\/wp-content\/uploads\/sites\/15\/2019\/11\/wordpress-test-data-import-1.jpg\" alt=\"\" class=\"wp-image-5112\" srcset=\"https:\/\/sitecenneti.com\/wordpress\/wp-content\/uploads\/sites\/15\/2019\/11\/wordpress-test-data-import-1.jpg 746w, https:\/\/sitecenneti.com\/wordpress\/wp-content\/uploads\/sites\/15\/2019\/11\/wordpress-test-data-import-1-300x105.jpg 300w\" sizes=\"auto, (max-width: 746px) 100vw, 746px\" \/><figcaption>WordPress Temas\u0131n\u0131 Test Etme &#8211; Temaya Test Datas\u0131 Y\u00fckleme<\/figcaption><\/figure><\/div>\n\n\n\n<ul class=\"wp-block-list\"><li><em>\u0130\u00e7e aktar<\/em> sayfas\u0131nda, <em>WorPress<\/em> yazan aktar\u0131c\u0131 daha \u00f6nce kullan\u0131lmam\u0131\u015f ise <em>Hemen y\u00fckle<\/em> diyerek y\u00fcklenmesi gerekecek demektir.<\/li><li>Y\u00fckleme i\u015flemi bitince <em>WordPress<\/em> k\u0131sm\u0131n\u0131n alt\u0131nda bu defa <em>\u0130\u00e7e aktar\u0131c\u0131y\u0131 \u00e7al\u0131\u015ft\u0131r<\/em> yazd\u0131\u011f\u0131n\u0131 g\u00f6receksiniz. Bu linke t\u0131klayarak , a\u00e7\u0131lan sayfadaki <em>G\u00f6zat<\/em> butonu ile biraz \u00f6nce indirdi\u011fimiz <code>.xml<\/code> dosyas\u0131n\u0131 y\u00fckl\u00fcyoruz.<\/li><\/ul>\n\n\n\n<div class=\"wp-block-image\"><figure class=\"aligncenter size-large\"><img loading=\"lazy\" decoding=\"async\" width=\"662\" height=\"239\" src=\"https:\/\/sitecenneti.com\/wordpress\/wp-content\/uploads\/sites\/15\/2019\/11\/wordpress-test-data-import-2-1.jpg\" alt=\"\" class=\"wp-image-5113\" srcset=\"https:\/\/sitecenneti.com\/wordpress\/wp-content\/uploads\/sites\/15\/2019\/11\/wordpress-test-data-import-2-1.jpg 662w, https:\/\/sitecenneti.com\/wordpress\/wp-content\/uploads\/sites\/15\/2019\/11\/wordpress-test-data-import-2-1-300x108.jpg 300w\" sizes=\"auto, (max-width: 662px) 100vw, 662px\" \/><figcaption>WordPress Temas\u0131n\u0131 Test Etme &#8211; Temaya Test Datas\u0131 Y\u00fckleme<\/figcaption><\/figure><\/div>\n\n\n\n<ul class=\"wp-block-list\"><li>Dosya y\u00fcklenirken, size, \u00f6ncelikle olu\u015fturulacak i\u00e7erikler i\u00e7in yazar isimleri sorulacakt\u0131r. Bu a\u015famada, dilerseniz, her bir yazar i\u00e7in sitenizde kay\u0131tl\u0131 olan kullan\u0131c\u0131lar\u0131n\u0131zdan birini se\u00e7ebilir ya da yeni bir yazar isimi girebilirsiniz.<\/li><\/ul>\n\n\n\n<figure class=\"wp-block-image size-large\"><img loading=\"lazy\" decoding=\"async\" width=\"1024\" height=\"516\" src=\"https:\/\/sitecenneti.com\/wordpress\/wp-content\/uploads\/sites\/15\/2019\/11\/wordpress-test-data-import-3-1-1024x516.jpg\" alt=\"\" class=\"wp-image-5114\" srcset=\"https:\/\/sitecenneti.com\/wordpress\/wp-content\/uploads\/sites\/15\/2019\/11\/wordpress-test-data-import-3-1-1024x516.jpg 1024w, https:\/\/sitecenneti.com\/wordpress\/wp-content\/uploads\/sites\/15\/2019\/11\/wordpress-test-data-import-3-1-300x151.jpg 300w, https:\/\/sitecenneti.com\/wordpress\/wp-content\/uploads\/sites\/15\/2019\/11\/wordpress-test-data-import-3-1-768x387.jpg 768w, https:\/\/sitecenneti.com\/wordpress\/wp-content\/uploads\/sites\/15\/2019\/11\/wordpress-test-data-import-3-1.jpg 1056w\" sizes=\"auto, (max-width: 1024px) 100vw, 1024px\" \/><figcaption>WordPress Temas\u0131n\u0131 Test Etme &#8211; Temaya Test Datas\u0131 Y\u00fckleme<\/figcaption><\/figure>\n\n\n\n<ul class=\"wp-block-list\"><li>Yine ayn\u0131 sayfada, <em>Dosya eklerini indir ve i\u00e7e aktar<\/em> kutucu\u011funu i\u015faretlersek, resimleri bulundu\u011fu adreslerden alarak, sitemizin ortam k\u00fct\u00fcphanesine y\u00fckleyecektir.<\/li><li>Son olarak Onayla butonuna bas\u0131yoruz ve dosyan\u0131n i\u00e7e aktar\u0131lmas\u0131n\u0131 bekliyoruz. Bu i\u015flem biraz uzun s\u00fcrebilir. B\u00fct\u00fcn i\u00e7eri\u011fin sorunsuz bir \u015fekilde y\u00fcklendi\u011fini belirten bir bildiri alamazsan\u0131z, y\u00fckleme i\u015flemini tekrar denemek zorunda kalabilirsiniz.<\/li><\/ul>\n\n\n\n<h2 class=\"wp-block-heading\"><span id=\"Gerekli_Ayarlari_Yapma\">Gerekli Ayarlar\u0131 Yapma<\/span><\/h2>\n\n\n\n<p>WordPress y\u00f6netim paneline gidin  ve a\u015fa\u011f\u0131daki ayarlar\u0131 yap\u0131n:<\/p>\n\n\n\n<ul class=\"wp-block-list\"><li><strong>Ayarlar->Genel<\/strong> sayfas\u0131na gidin ve <em>Site ba\u015f\u0131l\u0131\u011f\u0131<\/em> ve <em>Slogan<\/em> k\u0131sm\u0131n\u0131 \u00e7ok k\u0131sa olmayan ve uygun g\u00f6rd\u00fc\u011f\u00fcn\u00fcz ifadeler ile doldurun.<\/li><li><strong>Ayarlar->Okuma<\/strong> sayfas\u0131na gidin ve <em>En fazla g\u00f6sterilecek blog sayfas\u0131 adedi <\/em>k\u0131sm\u0131na <em>5<\/em> de\u011ferini verin. Bu i\u015flem, teman\u0131z\u0131n sayfalama \u00f6zelli\u011finin test edebilmenizi garantilemek i\u00e7indir.<\/li><li><strong>Ayarlar->Tart\u0131\u015fma<\/strong> sayfas\u0131na gidin ve <em>Kademeli yorumlara\u00a0<strong>3<\/strong>\u00a0seviyesine kadar izin ver<\/em>\u00a0ayar\u0131n\u0131 yap\u0131n. Bu, teman\u0131z\u0131n yorum \u015fablonunu test etmenizi sa\u011flar.<\/li><li><strong>Ayarlar->Tart\u0131\u015fma<\/strong> sayfas\u0131nda, <em>Her sayfada\u00a0<strong>5<\/strong>\u00a0\u00fcst seviye yorum olacak \u015fekilde&#8230;<\/em> ayar\u0131n\u0131 yap\u0131n. Bu \u00f6zellik, yorum \u015fablonunuzdaki sayfalama \u00f6zelli\u011fini test etmenizi sa\u011flar.<\/li><li><strong>Ayarlar->Kal\u0131c\u0131 ba\u011flant\u0131lar<\/strong> sayfas\u0131na gidin ve <em>D\u00fcz<\/em> se\u00e7ene\u011finin se\u00e7ili olmad\u0131\u011f\u0131ndan emin olun.<\/li><li><strong>G\u00f6r\u00fcn\u00fcm->Men\u00fcler<\/strong> sayfas\u0131na gidin ve biri b\u00fct\u00fcn sayfalar\u0131 i\u00e7eren, di\u011feri de 2-3 sayfadan olu\u015fan iki adet men\u00fc olu\u015fturun ve teman\u0131z\u0131n men\u00fc lokasyonlar\u0131na bu men\u00fcleri  yerle\u015ftirin.<\/li><\/ul>\n\n\n\n\t<br \/>\n\t<div class=\"stcnnt-yazi-ici-reklam\">\n\t<span aria-hidden=\"true\" class=\"sc-reklam-basligi text-muted\" style=\"display:block;text-align:center;\">bu bir reklamd\u0131r:<\/span>\n\t<p aria-hidden=\"true\" class=\"shadow-lg m-0 p-0\">\n\t\t<script async src=\"\/\/pagead2.googlesyndication.com\/pagead\/js\/adsbygoogle.js\"><\/script>\n\t\t<ins class=\"adsbygoogle\"\n\t\t\t style=\"display:block; text-align:center;\"\n\t\t\t data-ad-layout=\"in-article\"\n\t\t\t data-ad-format=\"fluid\"\n\t\t\t data-ad-client=\"ca-pub-6366953309324763\"\n\t\t\t data-ad-slot=\"2001829037\"><\/ins>\n\t\t<script>\n\t\t\t (adsbygoogle = window.adsbygoogle || []).push({});\n\t\t<\/script>\n\t<\/p>\n\t<\/div>\n\t\n\n\n\n<h2 class=\"wp-block-heading\"><span id=\"Temayi_Test_Icerigi_Ile_Test_Etme\">Temay\u0131 Test \u0130\u00e7eri\u011fi \u0130le Test Etme<\/span><\/h2>\n\n\n\n<p>Yukar\u0131daki a\u015famalardan sonra, temam\u0131z\u0131n b\u00fct\u00fcn b\u00f6l\u00fcmleri ve \u00f6zellikleri ile do\u011fru bir \u015fekilde \u00e7al\u0131\u015ft\u0131\u011f\u0131n\u0131 anlaman\u0131n pratik bir yolu yoktur. Bu i\u015fi, <strong>WordPress tema yap\u0131m\u0131<\/strong> ile ilgili olarak, \u015fu ana kadar \u00f6\u011frendi\u011fimiz bilgiler \u0131\u015f\u0131\u011f\u0131nda, \u00f6zellikle <a href=\"https:\/\/sitecenneti.com\/wordpress\/wordpress-tema-yapimi\/2-5-sablon-hiyerarsisi\/\" target=\"_blank\" rel=\"noreferrer noopener\" aria-label=\"\u015fablon hiyerar\u015fisi (yeni sekmede a\u00e7\u0131l\u0131r)\">\u015fablon hiyerar\u015fisi<\/a> bilgilerimizi kullanarak, manuel olarak yapmak zorunday\u0131z.<\/p>\n\n\n\n<h3 class=\"wp-block-heading\"><span id=\"Temayi_Manuel_Olarak_Test_Etme\">Temay\u0131 Manuel Olarak Test Etme<\/span><\/h3>\n\n\n\n<p>Test i\u00e7eri\u011fi y\u00fcklenmi\u015f ve yukar\u0131daki ayarlar\u0131 yap\u0131lm\u0131\u015f bir temay\u0131 manuel test etmek i\u00e7in \u015fu kontrolleri yapar\u0131z:<\/p>\n\n\n\n<ol class=\"wp-block-list\"><li>Ar\u015fiv sayfalar\u0131, yaz\u0131lar\u0131 d\u00fczg\u00fcn sergiliyor mu?<\/li><li>Yaz\u0131lar do\u011fru bir s\u0131ralama ile ve g\u00f6rsel olarak sorunsuz bir \u015fekilde sergileniyor mu?<\/li><li><strong>Ayarlar->Okuma<\/strong> sayfas\u0131nda verdi\u011fimiz say\u0131ya (5) uygun olarak sayfalama yap\u0131lm\u0131\u015f m\u0131?<\/li><li>Sayfa navigasyonu ve sayfalama \u00f6zelli\u011fi do\u011fru g\u00f6r\u00fcn\u00fcyor mu ve do\u011fru \u00e7al\u0131\u015f\u0131yor mu?<\/li><li>\u00d6n sayfa do\u011fru g\u00f6r\u00fcn\u00fcyor mu?<\/li><li>404 \u015fablonu tasarlad\u0131\u011f\u0131m\u0131z gibi \u00e7al\u0131\u015f\u0131yor mu?<\/li><li>Arama sonu\u00e7lar\u0131, tasarlad\u0131\u011f\u0131m\u0131z \u015fablona ve arama kriterine uygun olarak sergileniyor mu?<\/li><li>Blog sayfam\u0131zda, zamanlanm\u0131\u015f ve taslak olarak kaydedilmi\u015f yaz\u0131lar\u0131m\u0131z yer al\u0131yor mu?<\/li><li>Blo\u011fun en \u00fcst\u00fcne sabitlenmi\u015f yaz\u0131lar tema \u015fablonuna uygun olarak sergileniyor mu?<\/li><li>Sayfalar\u0131n yerle\u015fim d\u00fczeni, tasarland\u0131\u011f\u0131 gibi mi g\u00f6r\u00fcn\u00fcyor?<\/li><li>Ar\u015fiv sayfalar\u0131nda, <em>Devam\u0131n oku<\/em> linki do\u011fru \u00e7al\u0131\u015f\u0131yor mu?<\/li><li>Yaz\u0131 formatlar\u0131 i\u00e7in tasarlad\u0131\u011f\u0131m\u0131z \u015fablonlar varsa bunlar tasarland\u0131\u011f\u0131 gibi \u00e7al\u0131\u015f\u0131yor mu?<\/li><li>Bir g\u00f6vdesi ya da ba\u015fl\u0131\u011f\u0131 olmayan yaz\u0131lar, \u015fablonlar\u0131m\u0131z\u0131 olumsuz etkiliyor mu?<\/li><li>Kal\u0131c\u0131 ba\u011flant\u0131lar\u0131m\u0131z do\u011fru \u00e7al\u0131\u015f\u0131yor mu?<\/li><li>Fazla say\u0131da kategori\/etiket bulunmas\u0131 \u015fablonlar\u0131m\u0131z\u0131n d\u00fczenini olumsuz etkiliyor mu?<\/li><li>Parola korumal\u0131 i\u00e7eriklerimizde parola soran form g\u00f6r\u00fcn\u00fcyor mu? Forma parolas\u0131 girilince, i\u00e7erik ya da \u00f6zeti d\u00fczg\u00fcn g\u00f6r\u00fcn\u00fcyor mu?<\/li><li>Tek yaz\u0131 \u015fablonlar\u0131m\u0131z tasarlad\u0131\u011f\u0131m\u0131z gibi g\u00f6r\u00fcn\u00fcyor mu?<\/li><li>Test i\u00e7eri\u011fi ile birlikte gelen <em>Page 1, Page 2, Page 3 ve Page 4<\/em> sayfalar\u0131 d\u00fczg\u00fcn sergileniyor mu?<\/li><li>Yorum \u015fablonlar\u0131m\u0131zda; yorumlar\u0131n listelenmesi, kademeli yorumlar, yorumlar i\u00e7in sayfalama, yazar yorumlar\u0131na \u00f6zg\u00fc stiller, avatar g\u00f6r\u00fcn\u00fcmleri, giri\u015f yapm\u0131\u015f\/yapmam\u0131\u015f kullan\u0131c\u0131lar i\u00e7in yorum g\u00f6nderme formunun g\u00f6r\u00fcn\u00fcm\u00fc, admin giri\u015fi yap\u0131ld\u0131\u011f\u0131nda d\u00fczenleme butonu d\u00fczg\u00fcn olarak g\u00f6r\u00fcn\u00fcyor mu?<\/li><li>Yorumlara kapat\u0131lm\u0131\u015f i\u00e7eriklerde, yorumlar\u0131n kapal\u0131 oldu\u011funu belirten uyar\u0131 do\u011fru \u00e7al\u0131\u015f\u0131yor mu?<\/li><li>Trackbacks (geri bildirimler) do\u011fru \u00e7al\u0131\u015f\u0131yor mu?<\/li><li>Men\u00fcleriniz, \u00e7ok say\u0131da kategori veya sayfa eklendi\u011finde d\u00fczg\u00fcn \u00e7al\u0131\u015f\u0131yor mu?<\/li><li>Ana men\u00fc lokasyonunuza bir men\u00fc atanmad\u0131\u011f\u0131nda, fallback (yedek) men\u00fcn\u00fcz do\u011fru \u00e7al\u0131\u015f\u0131yor mu?<\/li><li>Bile\u015fen alanlar\u0131n\u0131z do\u011fru \u00e7al\u0131\u015f\u0131yor mu?<\/li><li>Bile\u015fen alanlar\u0131na ekledi\u011finiz bile\u015fenler do\u011fru g\u00f6steriliyor mu ve do\u011fru \u00e7al\u0131\u015f\u0131yor mu?<\/li><li><em>screenshot.php<\/em> dosyan\u0131z, ger\u00e7ekten teman\u0131z\u0131n dizayn\u0131n\u0131 yans\u0131t\u0131yor mu?<\/li><li>Teman\u0131z, <strong>G\u00f6r\u00fcn\u00fcm->\u00d6zelle\u015ftir<\/strong> sayfas\u0131nda yap\u0131lan ayarlar\u0131, y\u00fcklenen logoyu, site ikonunu&#8230; kabul ediyor mu?<\/li><li>B\u00fct\u00fcn bu sayfalar\u0131 ve \u00f6zellikleri teste ederken, bir PHP veya JavaScript hatas\u0131 ile kar\u015f\u0131la\u015ft\u0131n\u0131z m\u0131?<\/li><li>Teman\u0131z, daha detayl\u0131 bilgilerin verildi\u011fi ve rahat anla\u015f\u0131labilir bir kullanma k\u0131lavuzu i\u00e7eren bir web sayfas\u0131na sahip olmal\u0131d\u0131r.<\/li><\/ol>\n\n\n\n<h3 class=\"wp-block-heading\"><span id=\"Eklenti_Ile_Temayi_Test_Etme\">Eklenti \u0130le Temay\u0131 Test Etme<\/span><\/h3>\n\n\n\n<p>WordPress temalar\u0131n\u0131 test etmek i\u00e7in geli\u015ftirilmi\u015f, <a rel=\"noreferrer noopener\" aria-label=\"Theme Check (yeni sekmede a\u00e7\u0131l\u0131r)\" href=\"https:\/\/tr.wordpress.org\/plugins\/theme-check\/\" target=\"_blank\">Theme Check<\/a> ad\u0131nda bir de eklenti vard\u0131r. Eklentiyi hi\u00e7 kullanmad\u0131n ve ne kadar etkilidir bilemiyorum. Merak eden okurlar\u0131m\u0131z, inceleyebilirler.<\/p>\n\n\n\n<p>Bunun yan\u0131nda, teman\u0131zdaki PHP kodlar\u0131n\u0131n WordPress standartlar\u0131na uygun olup olmad\u0131\u011f\u0131n\u0131 denetleyen ve <a rel=\"noreferrer noopener\" aria-label=\"Theme Sniffer (yeni sekmede a\u00e7\u0131l\u0131r)\" href=\"https:\/\/tr.wordpress.org\/plugins\/theme-sniffer\/\" target=\"_blank\">Theme Sniffer<\/a> ad\u0131na bir eklenti daha vard\u0131r.<\/p>\n\n\n\n\t<br \/>\n\t<div class=\"stcnnt-yazi-ici-reklam\">\n\t<span aria-hidden=\"true\" class=\"sc-reklam-basligi text-muted\" style=\"display:block;text-align:center;\">bu bir reklamd\u0131r:<\/span>\n\t<p aria-hidden=\"true\" class=\"shadow-lg m-0 p-0\">\n\t\t<script async src=\"\/\/pagead2.googlesyndication.com\/pagead\/js\/adsbygoogle.js\"><\/script>\n\t\t<ins class=\"adsbygoogle\"\n\t\t\t style=\"display:block; text-align:center;\"\n\t\t\t data-ad-layout=\"in-article\"\n\t\t\t data-ad-format=\"fluid\"\n\t\t\t data-ad-client=\"ca-pub-6366953309324763\"\n\t\t\t data-ad-slot=\"2001829037\"><\/ins>\n\t\t<script>\n\t\t\t (adsbygoogle = window.adsbygoogle || []).push({});\n\t\t<\/script>\n\t<\/p>\n\t<\/div>\n\t\n","protected":false},"excerpt":{"rendered":"<p>Bir WordPress temas\u0131n\u0131n piyasaya s\u00fcr\u00fclmeden \u00f6nce nas\u0131l test edildi\u011fi anlat\u0131lm\u0131\u015ft\u0131r. <\/p>\n","protected":false},"author":1,"featured_media":25,"comment_status":"open","ping_status":"open","sticky":false,"template":"","format":"standard","meta":{"footnotes":""},"categories":[9],"tags":[231],"class_list":["post-5107","post","type-post","status-publish","format-standard","has-post-thumbnail","hentry","category-wordpress-tema-yapimi","tag-wordpress-temayi-test-etme"],"_links":{"self":[{"href":"https:\/\/sitecenneti.com\/wordpress\/wp-json\/wp\/v2\/posts\/5107","targetHints":{"allow":["GET"]}}],"collection":[{"href":"https:\/\/sitecenneti.com\/wordpress\/wp-json\/wp\/v2\/posts"}],"about":[{"href":"https:\/\/sitecenneti.com\/wordpress\/wp-json\/wp\/v2\/types\/post"}],"author":[{"embeddable":true,"href":"https:\/\/sitecenneti.com\/wordpress\/wp-json\/wp\/v2\/users\/1"}],"replies":[{"embeddable":true,"href":"https:\/\/sitecenneti.com\/wordpress\/wp-json\/wp\/v2\/comments?post=5107"}],"version-history":[{"count":0,"href":"https:\/\/sitecenneti.com\/wordpress\/wp-json\/wp\/v2\/posts\/5107\/revisions"}],"wp:featuredmedia":[{"embeddable":true,"href":"https:\/\/sitecenneti.com\/wordpress\/wp-json\/wp\/v2\/media\/25"}],"wp:attachment":[{"href":"https:\/\/sitecenneti.com\/wordpress\/wp-json\/wp\/v2\/media?parent=5107"}],"wp:term":[{"taxonomy":"category","embeddable":true,"href":"https:\/\/sitecenneti.com\/wordpress\/wp-json\/wp\/v2\/categories?post=5107"},{"taxonomy":"post_tag","embeddable":true,"href":"https:\/\/sitecenneti.com\/wordpress\/wp-json\/wp\/v2\/tags?post=5107"}],"curies":[{"name":"wp","href":"https:\/\/api.w.org\/{rel}","templated":true}]}}