{"id":3051,"date":"2019-06-20T01:38:05","date_gmt":"2019-06-19T22:38:05","guid":{"rendered":"https:\/\/sitecenneti.com\/wordpress\/?p=3051"},"modified":"2019-07-11T16:59:13","modified_gmt":"2019-07-11T13:59:13","slug":"4-12-ortam-medya-dosyalari","status":"publish","type":"post","link":"https:\/\/sitecenneti.com\/wordpress\/wordpress-tema-yapimi\/4-12-ortam-medya-dosyalari\/","title":{"rendered":"4.12 Ortam (Medya) Dosyalar\u0131"},"content":{"rendered":"<div id=\"toc_container\" class=\"toc_transparent no_bullets\"><p class=\"toc_title\">BU DERS\u0130N BA\u015eLIKLARI<\/p><ul class=\"toc_list\"><li><a href=\"#Temaya_Ortam_Dosyasi_Yukleme\"><span class=\"toc_number toc_depth_1\">1<\/span> Temaya Ortam Dosyas\u0131 Y\u00fckleme<\/a><ul><li><a href=\"#I-_Ortam_Yukleyicisi_Ile\"><span class=\"toc_number toc_depth_2\">1.1<\/span> I- Ortam Y\u00fckleyicisi \u0130le<\/a><\/li><li><a href=\"#II-_Icerik_Editoru_Ile\"><span class=\"toc_number toc_depth_2\">1.2<\/span> II- \u0130\u00e7erik Edit\u00f6r\u00fc \u0130le<\/a><\/li><li><a href=\"#III-_FTP_Baglantisi_Ile\"><span class=\"toc_number toc_depth_2\">1.3<\/span> III- FTP Ba\u011flant\u0131s\u0131 \u0130le<\/a><ul><li><a href=\"#Ornek-1\"><span class=\"toc_number toc_depth_3\">1.3.1<\/span> \u00d6rnek-1<\/a><\/li><\/ul><\/li><\/ul><\/li><li><a href=\"#Ortam_Dosyalarini_Sablon_Dosyalarina_Cagirma\"><span class=\"toc_number toc_depth_1\">2<\/span> Ortam Dosyalar\u0131n\u0131 \u015eablon Dosyalar\u0131na \u00c7a\u011f\u0131rma<\/a><ul><li><a href=\"#Ornek-1-2\"><span class=\"toc_number toc_depth_2\">2.1<\/span> \u00d6rnek-1<\/a><\/li><\/ul><\/li><li><a href=\"#Yavru_Ortam_Dosyalari_ve_Ebeveynleri\"><span class=\"toc_number toc_depth_1\">3<\/span> Yavru Ortam Dosyalar\u0131 ve Ebeveynleri<\/a><\/li><\/ul><\/div>\n\n<p>Ortam dosyalar\u0131 veya medya dosyalar\u0131, temam\u0131zda sunmak i\u00e7in ba\u015fka ortamlardan y\u00fckledi\u011fimiz veya temam\u0131za \u00e7a\u011f\u0131rd\u0131\u011f\u0131m\u0131z dosyalard\u0131r. Bu dosyalar, genel olarak; resim, video, ses, PDF&#8230; dosyalar\u0131d\u0131r.<\/p>\n\n\n\n<p>WordPress temalar\u0131nda kullan\u0131lan ortam dosyalar\u0131, \u015fu ba\u015fl\u0131klarda incelenir:<\/p>\n\n\n\n<ul class=\"wp-block-list\"><li><a rel=\"noreferrer noopener\" aria-label=\"Ses dosyalar\u0131 (yeni sekmede a\u00e7\u0131l\u0131r)\" href=\"https:\/\/sitecenneti.com\/wordpress\/wordpress-tema-yapimi\/4-13-ortam-dosyalari-ses-audio\/\" target=\"_blank\">Ses dosyalar\u0131<\/a><\/li><li><a rel=\"noreferrer noopener\" aria-label=\"Resim dosyalar\u0131 (yeni sekmede a\u00e7\u0131l\u0131r)\" href=\"https:\/\/sitecenneti.com\/wordpress\/wordpress-tema-yapimi\/4-14-ortam-dosyalari-resim-image\/\" target=\"_blank\">Resim dosyalar\u0131<\/a><\/li><li><a rel=\"noreferrer noopener\" aria-label=\"Resim galerileri (yeni sekmede a\u00e7\u0131l\u0131r)\" href=\"https:\/\/sitecenneti.com\/wordpress\/wordpress-tema-yapimi\/4-15-ortam-dosyalari-galeriler\/\" target=\"_blank\">Resim galerileri<\/a><\/li><li><a rel=\"noreferrer noopener\" aria-label=\"Video dosyalar\u0131 (yeni sekmede a\u00e7\u0131l\u0131r)\" href=\"https:\/\/sitecenneti.com\/wordpress\/wordpress-tema-yapimi\/4-16-ortam-dosyalari-video\/\" target=\"_blank\">Video dosyalar\u0131<\/a><\/li><li>PDF, txt gibi dosyalar<\/li><\/ul>\n\n\n\n<h2 class=\"wp-block-heading\"><span id=\"Temaya_Ortam_Dosyasi_Yukleme\">Temaya Ortam Dosyas\u0131 Y\u00fckleme<\/span><\/h2>\n\n\n\n<p>WordPress temas\u0131na, ortam dosyas\u0131 y\u00fcklemenin 3 yolu vard\u0131r. A\u015fa\u011f\u0131da bu yollar verilmi\u015ftir.<\/p>\n\n\n\n<h3 class=\"wp-block-heading\"><span id=\"I-_Ortam_Yukleyicisi_Ile\">I- Ortam Y\u00fckleyicisi \u0130le<\/span><\/h3>\n\n\n\n<p>Ortam y\u00fckleyici, WordPress temalar\u0131na her t\u00fcrden ortam dosyas\u0131 y\u00fcklemek i\u00e7in kullan\u0131lan geli\u015fmi\u015f bir \u00f6zelliktir.<\/p>\n\n\n\n<p>Ortam y\u00fckleyicisine ula\u015fmak i\u00e7in; y\u00f6netim panelinde bulunan <strong>Ortam-&gt;Yeni ekle<\/strong> men\u00fcs\u00fcne gidilir ve \u015f\u00f6yle bir sayfa ile kar\u015f\u0131la\u015f\u0131l\u0131r:<\/p>\n\n\n\n<div class=\"wp-block-image\"><figure class=\"aligncenter\"><img loading=\"lazy\" decoding=\"async\" width=\"1024\" height=\"262\" src=\"https:\/\/sitecenneti.com\/wordpress\/wp-content\/uploads\/sites\/15\/2019\/06\/wordpress-ordam-medya-dosyalari-1024x262.png\" alt=\"\" class=\"wp-image-3062\" srcset=\"https:\/\/sitecenneti.com\/wordpress\/wp-content\/uploads\/sites\/15\/2019\/06\/wordpress-ordam-medya-dosyalari-1024x262.png 1024w, https:\/\/sitecenneti.com\/wordpress\/wp-content\/uploads\/sites\/15\/2019\/06\/wordpress-ordam-medya-dosyalari-300x77.png 300w, https:\/\/sitecenneti.com\/wordpress\/wp-content\/uploads\/sites\/15\/2019\/06\/wordpress-ordam-medya-dosyalari-768x196.png 768w, https:\/\/sitecenneti.com\/wordpress\/wp-content\/uploads\/sites\/15\/2019\/06\/wordpress-ordam-medya-dosyalari.png 1347w\" sizes=\"auto, (max-width: 1024px) 100vw, 1024px\" \/><figcaption>WordPress Ortam Dosyalar\u0131<\/figcaption><\/figure><\/div>\n\n\n\n<p>Bu sayfada, &#8220;<strong>Dosya se\u00e7in<\/strong>&#8221; butonuna t\u0131klayarak, bilgisayar\u0131m\u0131zdaki dosyalar\u0131 temam\u0131z\u0131n k\u00fct\u00fcphanesine y\u00fckleyebiliriz.<\/p>\n\n\n\n<h3 class=\"wp-block-heading\"><span id=\"II-_Icerik_Editoru_Ile\">II- \u0130\u00e7erik Edit\u00f6r\u00fc \u0130le<\/span><\/h3>\n\n\n\n<p>WordPress temalar\u0131na ortam dosyas\u0131 y\u00fcklemenin bir di\u011fer yolu, yaz\u0131 ve sayfa d\u00fczenlemek i\u00e7in kulland\u0131\u011f\u0131m\u0131z edit\u00f6r yad\u0131m\u0131 ile eklemektir.<\/p>\n\n\n\n<p>WordPress 5.0 s\u00fcr\u00fcm\u00fc ve sonras\u0131nda, <em>Gutenberg<\/em> ad\u0131 verilen ya da <em>blok edit\u00f6r <\/em>denilen yeni bir i\u00e7erik edit\u00f6r\u00fc ile birlikte gelmektedir. Biz de derslerimizi blok edit\u00f6r \u00fczerinden devam ettirece\u011fiz.<\/p>\n\n\n\n<p>A\u015fa\u011f\u0131daki resimler, blok edit\u00f6rde, herhangi bir i\u00e7eri\u011fi d\u00fczenlerken, resim eklemenin ad\u0131mlar\u0131n\u0131 g\u00f6stermektedir:<\/p>\n\n\n\n<ul class=\"wp-block-gallery columns-2 is-cropped wp-block-gallery-1 is-layout-flex wp-block-gallery-is-layout-flex\"><li class=\"blocks-gallery-item\"><figure><a href=\"https:\/\/sitecenneti.com\/wordpress\/wp-content\/uploads\/sites\/15\/2019\/06\/wordpress-ordam-medya-dosyalari-2-1.png\"><img loading=\"lazy\" decoding=\"async\" width=\"976\" height=\"447\" src=\"https:\/\/sitecenneti.com\/wordpress\/wp-content\/uploads\/sites\/15\/2019\/06\/wordpress-ordam-medya-dosyalari-2-1.png\" alt=\"\" data-id=\"3065\" data-link=\"https:\/\/sitecenneti.com\/wordpress\/?attachment_id=3065\" class=\"wp-image-3065\" srcset=\"https:\/\/sitecenneti.com\/wordpress\/wp-content\/uploads\/sites\/15\/2019\/06\/wordpress-ordam-medya-dosyalari-2-1.png 976w, https:\/\/sitecenneti.com\/wordpress\/wp-content\/uploads\/sites\/15\/2019\/06\/wordpress-ordam-medya-dosyalari-2-1-300x137.png 300w, https:\/\/sitecenneti.com\/wordpress\/wp-content\/uploads\/sites\/15\/2019\/06\/wordpress-ordam-medya-dosyalari-2-1-768x352.png 768w\" sizes=\"auto, (max-width: 976px) 100vw, 976px\" \/><\/a><figcaption>ADIM 1<\/figcaption><\/figure><\/li><li class=\"blocks-gallery-item\"><figure><a href=\"https:\/\/sitecenneti.com\/wordpress\/wp-content\/uploads\/sites\/15\/2019\/06\/wordpress-ordam-medya-dosyalari-3.png\"><img loading=\"lazy\" decoding=\"async\" width=\"755\" height=\"248\" src=\"https:\/\/sitecenneti.com\/wordpress\/wp-content\/uploads\/sites\/15\/2019\/06\/wordpress-ordam-medya-dosyalari-3.png\" alt=\"\" data-id=\"3066\" data-link=\"https:\/\/sitecenneti.com\/wordpress\/?attachment_id=3066\" class=\"wp-image-3066\" srcset=\"https:\/\/sitecenneti.com\/wordpress\/wp-content\/uploads\/sites\/15\/2019\/06\/wordpress-ordam-medya-dosyalari-3.png 755w, https:\/\/sitecenneti.com\/wordpress\/wp-content\/uploads\/sites\/15\/2019\/06\/wordpress-ordam-medya-dosyalari-3-300x99.png 300w\" sizes=\"auto, (max-width: 755px) 100vw, 755px\" \/><\/a><figcaption>ADIM 2<\/figcaption><\/figure><\/li><\/ul>\n\n\n\n<p>Bir ortam dosyas\u0131, edit\u00f6r yard\u0131m\u0131 ile y\u00fcklenirse, doyan\u0131n ebeveyni de (<code>'post_parent'<\/code>) edit\u00f6r ile o anda d\u00fczenlenen i\u00e7erik olacakt\u0131r, bir ba\u015fka deyi\u015fle, y\u00fcklenen ortam dosyas\u0131, o i\u00e7eri\u011fin yavrusu (<em>child<\/em>) olarak kaydedilecektir. Bu \u00f6nemli bir \u00f6zelliktir. \u00c7\u00fcnk\u00fc, \u015fablon dosyalar\u0131nda, bir i\u00e7eri\u011fe ait ortam dosyalar\u0131 getirmek istedi\u011fimizde, genellikle, bu i\u00e7eri\u011fin <em>ID <\/em>de\u011ferini kullanarak, bu i\u00e7eri\u011fin yavrusu olarak (<em>child<\/em>) kaydedilmi\u015f dosyalar\u0131 \u00e7a\u011f\u0131r\u0131r\u0131z.<\/p>\n\n\n\n<h3 class=\"wp-block-heading\"><span id=\"III-_FTP_Baglantisi_Ile\">III- FTP Ba\u011flant\u0131s\u0131 \u0130le<\/span><\/h3>\n\n\n\n<p>WordPress temam\u0131za ortam dosyas\u0131 eklemek i\u00e7in kullanabilece\u011fimiz bir di\u011fer yol ise, sunucumuz ile kurdu\u011fumuz bir FTP ba\u011flant\u0131s\u0131n\u0131 kullanmakt\u0131r. FTP ba\u011flant\u0131s\u0131 kurarak ortam dosyas\u0131 y\u00fcklemek i\u00e7in <a rel=\"noreferrer noopener\" aria-label=\"File Zilla (yeni sekmede a\u00e7\u0131l\u0131r)\" href=\"https:\/\/filezilla-project.org\/\" target=\"_blank\">File Zilla<\/a> gibi haz\u0131r bir program da kullanabiliriz.<\/p>\n\n\n\n<p>Bu y\u00f6ntemin, ortam dosyas\u0131 y\u00fcklemek i\u00e7in kulland\u0131\u011f\u0131m\u0131z di\u011fer y\u00f6ntemlerden fark\u0131, y\u00fckledi\u011fimiz dosyalar\u0131n veritaban\u0131m\u0131zda bir kayd\u0131n\u0131n olmamas\u0131 ve y\u00fckledi\u011fimiz resimlerin ortam k\u00fct\u00fcphanesinde g\u00f6r\u00fcnmemesidir. Bu t\u00fcr ortam dosyalar\u0131n\u0131n bir <em>ID<\/em> de\u011feri veya veritaban\u0131nda kay\u0131tl\u0131 ba\u015fka bir datas\u0131 olmaz. Bu dosyalar, <em>URL<\/em> de\u011ferleri yard\u0131m\u0131 ile \u015fablon dosyalar\u0131m\u0131za ta\u015f\u0131n\u0131r.<\/p>\n\n\n\n<h4 class=\"wp-block-heading\"><span id=\"Ornek-1\">\u00d6rnek-1<\/span><\/h4>\n\n\n\n<p>\u00d6rne\u011fin, FTP ba\u011flant\u0131s\u0131 ile temam\u0131z\u0131n ana dizinde bulunan <code>resimler<\/code> klas\u00f6r\u00fcne <code>sitecenneti-wordpress.jpg<\/code> adl\u0131 bir resim y\u00fcklemi\u015f olal\u0131m. Bu resmi, \u015fablon dosyalar\u0131m\u0131zda kullanmak istedi\u011fimizde \u015fu kodu kullanabiliriz:<\/p>\n\n\n\n<pre class=\"wp-block-code\"><code>&lt;?php $src = get_template_directory_uri().'\/resimler\/sitecenneti-wordpress.jpg'; ?>\n\n&lt;img src=\"&lt;?php echo $src; ?>\" alt=\"Alternatif metin\" title=\"Ba\u015fl\u0131k metni\" \/><\/code><\/pre>\n\n\n\n<h2 class=\"wp-block-heading\"><span id=\"Ortam_Dosyalarini_Sablon_Dosyalarina_Cagirma\">Ortam Dosyalar\u0131n\u0131 \u015eablon Dosyalar\u0131na \u00c7a\u011f\u0131rma<\/span><\/h2>\n\n\n\n<p>\u015eablon dosyalar\u0131n\u0131zda, ortam dosyalar\u0131n\u0131 \u00e7a\u011f\u0131rmak gerekti\u011finde kullanabilece\u011finiz \u00fc\u00e7 temel fonksiyon vard\u0131r. Bu fonksiyonlar \u015funlard\u0131r:<\/p>\n\n\n\n<ul class=\"wp-block-list\"><li><a rel=\"noreferrer noopener\" aria-label=\"get_posts()\u2028 (yeni sekmede a\u00e7\u0131l\u0131r)\" href=\"https:\/\/sitecenneti.com\/wordpress\/wordpress-fonksiyonlari\/get_posts-fonksiyonu\/\" target=\"_blank\">get_posts()<\/a><\/li><li><a rel=\"noreferrer noopener\" aria-label=\"get_children() (yeni sekmede a\u00e7\u0131l\u0131r)\" href=\"https:\/\/sitecenneti.com\/wordpress\/wordpress-fonksiyonlari\/get_children\/\" target=\"_blank\">get_children()<\/a><\/li><li><a rel=\"noreferrer noopener\" aria-label=\"wp_get_attachment_metadata() (yeni sekmede a\u00e7\u0131l\u0131r)\" href=\"https:\/\/sitecenneti.com\/wordpress\/wordpress-fonksiyonlari\/wp_get_attachment_metadata\/\" target=\"_blank\">wp_get_attachment_metadata()<\/a><\/li><\/ul>\n\n\n\n<h3 class=\"wp-block-heading\"><span id=\"Ornek-1-2\">\u00d6rnek-1<\/span><\/h3>\n\n\n\n<p><a href=\"https:\/\/sitecenneti.com\/wordpress\/wordpress-fonksiyonlari\/get_posts-fonksiyonu\/\" target=\"_blank\" rel=\"noreferrer noopener\" aria-label=\"Get_posts() (yeni sekmede a\u00e7\u0131l\u0131r)\">Get_posts()<\/a> fonksiyonu ile <a rel=\"noreferrer noopener\" aria-label=\"WordPress d\u00f6ng\u00fcs\u00fc (yeni sekmede a\u00e7\u0131l\u0131r)\" href=\"https:\/\/sitecenneti.com\/wordpress\/wordpress-tema-yapimi\/2-7-wordpress-dongusu-loop\/\" target=\"_blank\">WordPress d\u00f6ng\u00fcs\u00fc<\/a> i\u00e7inde, bir yaz\u0131 i\u00e7in y\u00fcklenmi\u015f olan resimlerden, orta boyuttakiler ile bir foto galeri olu\u015fturmak i\u00e7in a\u015fa\u011f\u0131daki kodlar ilham verici olabilir:<\/p>\n\n\n\n<pre class=\"wp-block-code\"><code>&lt;?php if ( have_posts() ) : ?>\n  &lt;?php while ( have_posts() ) : the_post(); ?>\n\n    &lt;!-- Yaz\u0131 i\u00e7in Y\u00fcklenen Fotolardan bir Galari -->\n    &lt;?php\n       \/\/ D\u00f6ng\u00fcde s\u0131ras\u0131 gelen yaz\u0131 i\u00e7in y\u00fcklenen ortam dosyalar\u0131n\u0131n dizisini olu\u015fturuyoruz\n       $argumanlar = array(\n        'post_parent'    => get_the_ID(), \/\/ Resmin ebevyeni olan yaz\u0131n\u0131n ID de\u011feridir\n        'post_type'      => 'attachment', \/\/ Sadece ortam dosyalar\u0131 gelsin\n        'mime_type'      => 'image', \/\/ Sadece resimler\n       ); \n      $resimlerin_dizisi = get_posts( $argumanlar );\n    ?>\n    &lt;?php\n    \/\/ WordPress ortam dosyalar\u0131n\u0131 uploads klas\u00f6r\u00fcne y\u00fckler. Bu klas\u00f6rde, y\u00fcklenme tarihine g\u00f6re, alt kals\u00f6rlerin url de\u011ferine \u015fu \u015fekilde ula\u015f\u0131l\u0131r:\n      $ortam_dosyalarinin_yuklendigi_klasor = wp_upload_dir();\n      $ortam_dosyalarinin_yuklendigi_klasor = $ortam_dosyalarinin_yuklendigi_klasor['url'];\n    ?>\n    &lt;?php if ( $resimlerin_dizisi ) { ?>\n    &lt;div class=\"galeri yazi-id-&lt;?php the_ID(); ?>\">\n      &lt;?php foreach ( $resimlerin_dizisi as $resim ) { ?>\n\t&lt;?php $meta_data = wp_get_attachment_metadata( $resim->ID, false ); ?>\n\t  &lt;div class=\"resim\">\n\t     &lt;img src=\"&lt;?php echo $ortam_dosyalarinin_yuklendigi_klasor.'\/'.$meta_data[\"sizes\"][\"medium\"][\"file\"]; ?>\" \/>\t\t\n\t  &lt;\/div>&lt;!-- \/.resim -->\n        &lt;?php } ?>\n    &lt;\/div> &lt;!-- \/.galeri -->\n    &lt;?php } ?>\n    &lt;!-- \/Yaz\u0131 \u0130\u00e7in Y\u00fcklenen Fotolardan bir Galari -->\n\n  &lt;?php endwhile; ?>\n&lt;?php endif; ?><\/code><\/pre>\n\n\n\n<h2 class=\"wp-block-heading\"><span id=\"Yavru_Ortam_Dosyalari_ve_Ebeveynleri\">Yavru Ortam Dosyalar\u0131 ve Ebeveynleri<\/span><\/h2>\n\n\n\n<p>Bazen, <a rel=\"noreferrer noopener\" aria-label=\"get_posts() (yeni sekmede a\u00e7\u0131l\u0131r)\" href=\"https:\/\/sitecenneti.com\/wordpress\/wordpress-fonksiyonlari\/get_posts-fonksiyonu\/\" target=\"_blank\">get_posts()<\/a> veya <a rel=\"noreferrer noopener\" aria-label=\"get_children() (yeni sekmede a\u00e7\u0131l\u0131r)\" href=\"https:\/\/sitecenneti.com\/wordpress\/wordpress-fonksiyonlari\/get_children\/\" target=\"_blank\">get_children()<\/a> fonksiyonlar\u0131,  <code>'post_parent'<\/code>&nbsp;olarak belirtti\u011fimiz i\u00e7erikte resim g\u00f6rmemize ra\u011fmen, bo\u015f gelebilir veya i\u00e7erikte g\u00f6rd\u00fc\u011f\u00fcm\u00fczden daha fazla veya eksik resim getirebilir. Burada, \u00f6nce \u015funu d\u00fc\u015f\u00fcnmeliyiz: Bir i\u00e7eri\u011fin <strong>yavru resimleri<\/strong> demek, o i\u00e7eri\u011fi d\u00fczenlerken, <strong>edit\u00f6r ile y\u00fckledi\u011fimiz resimler<\/strong> demektir. Bu y\u00fczden, bu fonksiyonlar, daha sonra o i\u00e7erikten kald\u0131rsak bile, k\u00fct\u00fcphaneden silmedi\u011fimiz s\u00fcrece, y\u00fckledi\u011fimiz b\u00fct\u00fcn yavru resimleri getirirler. Ayn\u0131 \u015fekilde, i\u00e7eri\u011fi d\u00fczenlerken, y\u00fcklemeden <strong>ortam k\u00fct\u00fcphanesinden se\u00e7ti\u011fimiz<\/strong> resimleri de getirmezler. \u00c7\u00fcnk\u00fc k\u00fct\u00fcphaneden se\u00e7ti\u011fimiz resimler, ba\u015fka i\u00e7erikler i\u00e7in y\u00fcklenmi\u015f ve ba\u015fka i\u00e7eriklerin yavrular\u0131 olan resimlerdir.<\/p>\n\n\n\n<p>K\u00fct\u00fcphanedeki bir resmin ebeveyni olan i\u00e7eri\u011fi g\u00f6rmek i\u00e7in, <strong>Ortam-&gt;K\u00fct\u00fcphane<\/strong> sayfas\u0131na giderek, o resme t\u0131klamam\u0131z ve a\u00e7\u0131lan sayfan\u0131n sa\u011f kenar\u0131ndaki bilgilerden &#8220;<strong>Y\u00fcklendi\u011fi yer<\/strong>&#8221; k\u0131sm\u0131na bakmam\u0131z yeterlidir:<\/p>\n\n\n\n<figure class=\"wp-block-image\"><a href=\"https:\/\/sitecenneti.com\/wordpress\/wp-content\/uploads\/sites\/15\/2019\/06\/wordpress-ortam-dosyalari.png\"><img loading=\"lazy\" decoding=\"async\" width=\"691\" height=\"486\" src=\"https:\/\/sitecenneti.com\/wordpress\/wp-content\/uploads\/sites\/15\/2019\/06\/wordpress-ortam-dosyalari.png\" alt=\"WordPress - ortam dosyas\u0131n\u0131n y\u00fcklendi\u011fi yer\" class=\"wp-image-3432\" srcset=\"https:\/\/sitecenneti.com\/wordpress\/wp-content\/uploads\/sites\/15\/2019\/06\/wordpress-ortam-dosyalari.png 691w, https:\/\/sitecenneti.com\/wordpress\/wp-content\/uploads\/sites\/15\/2019\/06\/wordpress-ortam-dosyalari-300x211.png 300w\" sizes=\"auto, (max-width: 691px) 100vw, 691px\" \/><\/a><figcaption>WordPress &#8211; Ortam (Medya) Dosyalar\u0131<\/figcaption><\/figure>\n\n\n\n\t<br \/>\n\t<div class=\"stcnnt-yazi-ici-reklam\">\n\t<span aria-hidden=\"true\" class=\"sc-reklam-basligi text-muted\" style=\"display:block;text-align:center;\">bu bir reklamd\u0131r:<\/span>\n\t<p aria-hidden=\"true\" class=\"shadow-lg m-0 p-0\">\n\t\t<script async src=\"\/\/pagead2.googlesyndication.com\/pagead\/js\/adsbygoogle.js\"><\/script>\n\t\t<ins class=\"adsbygoogle\"\n\t\t\t style=\"display:block; text-align:center;\"\n\t\t\t data-ad-layout=\"in-article\"\n\t\t\t data-ad-format=\"fluid\"\n\t\t\t data-ad-client=\"ca-pub-6366953309324763\"\n\t\t\t data-ad-slot=\"2001829037\"><\/ins>\n\t\t<script>\n\t\t\t (adsbygoogle = window.adsbygoogle || []).push({});\n\t\t<\/script>\n\t<\/p>\n\t<\/div>\n\t\n","protected":false},"excerpt":{"rendered":"<p>WordPress temalar\u0131nda ortam (medya) dosyalar\u0131n\u0131n kullan\u0131m\u0131 anlat\u0131lm\u0131\u015ft\u0131r.<\/p>\n","protected":false},"author":1,"featured_media":25,"comment_status":"open","ping_status":"open","sticky":false,"template":"","format":"standard","meta":{"footnotes":""},"categories":[9],"tags":[141],"class_list":["post-3051","post","type-post","status-publish","format-standard","has-post-thumbnail","hentry","category-wordpress-tema-yapimi","tag-ortam-medya-dosyalari"],"_links":{"self":[{"href":"https:\/\/sitecenneti.com\/wordpress\/wp-json\/wp\/v2\/posts\/3051","targetHints":{"allow":["GET"]}}],"collection":[{"href":"https:\/\/sitecenneti.com\/wordpress\/wp-json\/wp\/v2\/posts"}],"about":[{"href":"https:\/\/sitecenneti.com\/wordpress\/wp-json\/wp\/v2\/types\/post"}],"author":[{"embeddable":true,"href":"https:\/\/sitecenneti.com\/wordpress\/wp-json\/wp\/v2\/users\/1"}],"replies":[{"embeddable":true,"href":"https:\/\/sitecenneti.com\/wordpress\/wp-json\/wp\/v2\/comments?post=3051"}],"version-history":[{"count":0,"href":"https:\/\/sitecenneti.com\/wordpress\/wp-json\/wp\/v2\/posts\/3051\/revisions"}],"wp:featuredmedia":[{"embeddable":true,"href":"https:\/\/sitecenneti.com\/wordpress\/wp-json\/wp\/v2\/media\/25"}],"wp:attachment":[{"href":"https:\/\/sitecenneti.com\/wordpress\/wp-json\/wp\/v2\/media?parent=3051"}],"wp:term":[{"taxonomy":"category","embeddable":true,"href":"https:\/\/sitecenneti.com\/wordpress\/wp-json\/wp\/v2\/categories?post=3051"},{"taxonomy":"post_tag","embeddable":true,"href":"https:\/\/sitecenneti.com\/wordpress\/wp-json\/wp\/v2\/tags?post=3051"}],"curies":[{"name":"wp","href":"https:\/\/api.w.org\/{rel}","templated":true}]}}