{"id":1470,"date":"2019-04-25T13:44:38","date_gmt":"2019-04-25T10:44:38","guid":{"rendered":"https:\/\/sitecenneti.com\/wordpress\/?p=1470"},"modified":"2019-05-16T03:59:50","modified_gmt":"2019-05-16T00:59:50","slug":"3-7-arsiv-sayfasi-taxonomy-sablonlari","status":"publish","type":"post","link":"https:\/\/sitecenneti.com\/wordpress\/wordpress-tema-yapimi\/3-7-arsiv-sayfasi-taxonomy-sablonlari\/","title":{"rendered":"3.7 Ar\u015fiv Sayfas\u0131 (Taxonomy) \u015eablonlar\u0131"},"content":{"rendered":"<div id=\"toc_container\" class=\"toc_transparent no_bullets\"><p class=\"toc_title\">BU DERS\u0130N BA\u015eLIKLARI<\/p><ul class=\"toc_list\"><li><a href=\"#Arsiv_Sayfalari_Hiyerarsisi\"><span class=\"toc_number toc_depth_1\">1<\/span> Ar\u015fiv Sayfalar\u0131 Hiyerar\u015fisi<\/a><\/li><li><a href=\"#Kategori_Sablonlari\"><span class=\"toc_number toc_depth_1\">2<\/span> Kategori \u015eablonlar\u0131<\/a><\/li><li><a href=\"#Etiket_Sablonlari_Tag\"><span class=\"toc_number toc_depth_1\">3<\/span> Etiket \u015eablonlar\u0131 (Tag)<\/a><\/li><li><a href=\"#Ozel_Siniflandirma_Yontemi_Sablonlari\"><span class=\"toc_number toc_depth_1\">4<\/span> \u00d6zel S\u0131n\u0131fland\u0131rma Y\u00f6ntemi \u015eablonlar\u0131<\/a><\/li><li><a href=\"#Bir_Arsiv_Sayfasi_Sablonu_Olusturma\"><span class=\"toc_number toc_depth_1\">5<\/span> Bir Ar\u015fiv Sayfas\u0131 \u015eablonu Olu\u015fturma<\/a><\/li><li><a href=\"#Ornekler\"><span class=\"toc_number toc_depth_1\">6<\/span> \u00d6rnekler<\/a><ul><li><a href=\"#Kategori_Arsivinize_Sabit_Bir_Yazi_Eklemek\"><span class=\"toc_number toc_depth_2\">6.1<\/span> Kategori Ar\u015fivinize Sabit Bir Yaz\u0131 Eklemek<\/a><\/li><li><a href=\"#Kategori_Arsivinize_Kategorisine_Gore_Yazi_Eklemek\"><span class=\"toc_number toc_depth_2\">6.2<\/span> Kategori Ar\u015fivinize, Kategorisine G\u00f6re Yaz\u0131 Eklemek<\/a><\/li><li><a href=\"#Arsivinizin_Sadece_Ilk_Sayfasina_Yazi_Ekleme\"><span class=\"toc_number toc_depth_2\">6.3<\/span> Ar\u015fivinizin Sadece \u0130lk Sayfas\u0131na Yaz\u0131 Ekleme<\/a><\/li><li><a href=\"#Arsivdeki_Yazilarin_Iceriklerinin_Gorunumu\"><span class=\"toc_number toc_depth_2\">6.4<\/span> Ar\u015fivdeki Yaz\u0131lar\u0131n \u0130\u00e7eriklerinin G\u00f6r\u00fcn\u00fcm\u00fc<\/a><\/li><\/ul><\/li><\/ul><\/div>\n\n<p>Bir ziyaret\u00e7iniz, <a rel=\"noreferrer noopener\" aria-label=\"bir kategori ya da etiket ya da \u00f6zel bir s\u0131n\u0131fland\u0131rma y\u00f6ntemine (yeni sekmede a\u00e7\u0131l\u0131r)\" href=\"https:\/\/sitecenneti.com\/wordpress\/wordpress-tema-yapimi\/2-15-kategoriler-etiketler-ozel-siniflandirmalar\/\" target=\"_blank\">kategori &#8211; etiket &#8211; \u00f6zel s\u0131n\u0131fland\u0131rma y\u00f6ntemi<\/a> ar\u015fivlerinden birine ait bir linke t\u0131klarsa, WordPress, bu s\u0131n\u0131fa ait yaz\u0131 ar\u015fivinizi, <a rel=\"noreferrer noopener\" aria-label=\"\u015fablon hiyerar\u015fisindeki (yeni sekmede a\u00e7\u0131l\u0131r)\" href=\"https:\/\/sitecenneti.com\/wordpress\/wordpress-tema-yapimi\/2-5-sablon-hiyerarsisi\/\" target=\"_blank\">\u015fablon hiyerar\u015fisindeki<\/a> uygun \u015fablonu bularak, yeniden eskiye do\u011fru s\u0131ralar.<\/p>\n\n\n\n<p>Bir ar\u015fiv sayfas\u0131 \u015fablonunuz yoksa, WordPress, ar\u015fivlerinizi g\u00f6stermek i\u00e7in <code>index.php<\/code> dosyas\u0131n\u0131 kullan\u0131r. <a rel=\"noreferrer noopener\" aria-label=\"Ko\u015fullu ifadeler (yeni sekmede a\u00e7\u0131l\u0131r)\" href=\"https:\/\/sitecenneti.com\/wordpress\/wordpress-tema-yapimi\/2-13-kosullu-ifadeler\/\" target=\"_blank\">Ko\u015fullu ifadeler<\/a> kullanarak, <code>index.php<\/code> \u015fablonunu, bir ar\u015fiv \u015fablonu olarak kullanmak da \u00e7ok\u00e7a g\u00f6r\u00fclen bir y\u00f6ntemdir.<\/p>\n\n\n\n<p>Bir ar\u015fiv sayfas\u0131 \u015fablonu haz\u0131rlaman\u0131n en pratik yolu, <code>index.php<\/code> veya <code>home.php<\/code> veya <code>category.php<\/code> sayfan\u0131z\u0131n bir kopyas\u0131n\u0131 olu\u015fturmak, bu kopyay\u0131, olu\u015fturaca\u011f\u0131n\u0131z ar\u015fiv sayfas\u0131na uygun olarak yeniden isimlendirmek ve gerekli g\u00f6rd\u00fc\u011f\u00fcn\u00fcz r\u00f6tu\u015flar\u0131 yapmakt\u0131r.<\/p>\n\n\n\n\t<br \/>\n\t<div class=\"stcnnt-yazi-ici-reklam\">\n\t<span aria-hidden=\"true\" class=\"sc-reklam-basligi text-muted\" style=\"display:block;text-align:center;\">bu bir reklamd\u0131r:<\/span>\n\t<p aria-hidden=\"true\" class=\"shadow-lg m-0 p-0\">\n\t\t<script async src=\"\/\/pagead2.googlesyndication.com\/pagead\/js\/adsbygoogle.js\"><\/script>\n\t\t<ins class=\"adsbygoogle\"\n\t\t\t style=\"display:block; text-align:center;\"\n\t\t\t data-ad-layout=\"in-article\"\n\t\t\t data-ad-format=\"fluid\"\n\t\t\t data-ad-client=\"ca-pub-6366953309324763\"\n\t\t\t data-ad-slot=\"2001829037\"><\/ins>\n\t\t<script>\n\t\t\t (adsbygoogle = window.adsbygoogle || []).push({});\n\t\t<\/script>\n\t<\/p>\n\t<\/div>\n\t\n\n\n\n<h2 class=\"wp-block-heading\"><span id=\"Arsiv_Sayfalari_Hiyerarsisi\">Ar\u015fiv Sayfalar\u0131 Hiyerar\u015fisi<\/span><\/h2>\n\n\n\n<p>WordPress, bir i\u00e7erik i\u00e7in hangi <a href=\"https:\/\/sitecenneti.com\/wordpress\/wordpress-tema-yapimi\/2-1-sablon-template-dosyalari\/\" target=\"_blank\" rel=\"noreferrer noopener\" aria-label=\"\u015fablonu dosyas\u0131n\u0131 (yeni sekmede a\u00e7\u0131l\u0131r)\">\u015fablonu dosyas\u0131n\u0131<\/a> kullanaca\u011f\u0131na, <a rel=\"noreferrer noopener\" aria-label=\"\u015fablon hiyerar\u015fisi (yeni sekmede a\u00e7\u0131l\u0131r)\" href=\"https:\/\/sitecenneti.com\/wordpress\/wordpress-tema-yapimi\/2-5-sablon-hiyerarsisi\/\" target=\"_blank\">\u015fablon hiyerar\u015fisi<\/a> kurallar\u0131na g\u00f6re karar verir.<\/p>\n\n\n\n<p><a rel=\"noreferrer noopener\" aria-label=\"Kategoriler, etiketler ve \u00f6zel s\u0131n\u0131fland\u0131rmalar (yeni sekmede a\u00e7\u0131l\u0131r)\" href=\"https:\/\/sitecenneti.com\/wordpress\/wordpress-tema-yapimi\/2-15-kategoriler-etiketler-ozel-siniflandirmalar\/\" target=\"_blank\">Kategoriler, etiketler ve \u00f6zel s\u0131n\u0131fland\u0131rmalar<\/a> i\u00e7in kullan\u0131lan; <code>category.php<\/code>, <code>tag.php<\/code>, <code>taxonomy.php<\/code> \u015fablonlar\u0131, i\u00e7eriklerinizi, belli bir s\u0131n\u0131fa g\u00f6re ar\u015fivlemek i\u00e7in kullan\u0131lan genel \u015fablonlard\u0131r. Fakat, bir s\u0131n\u0131fland\u0131rma y\u00f6nteminize veya bir kategorinize ait yaz\u0131lar\u0131n\u0131z\u0131, genel \u015fablonuna g\u00f6re de\u011fil, di\u011ferlerinden farkl\u0131 bir \u015fablon ile sunmak isteyebilirsiniz. Bunun i\u00e7in, yapman\u0131z gereken \u015fey, hedefledi\u011finiz kategori ya da s\u0131n\u0131f\u0131n link ad\u0131n\u0131, ilgili \u015fablon dosyas\u0131n\u0131n ad\u0131na tire i\u015fareti ile birlikte ekleyerek yeni bir dosya olu\u015fturmakt\u0131r. A\u015fa\u011f\u0131da, bunun nas\u0131l yap\u0131laca\u011f\u0131 g\u00f6sterilmi\u015ftir:<\/p>\n\n\n\n<ul class=\"wp-block-list\"><li><code>taxonomy-{siniflandirma_yonteminin_link_adi}-{sinifin_link_adi}.php<\/code> : Bu \u015fablon, sadece ad\u0131 verilen s\u0131n\u0131fland\u0131rma y\u00f6ntemindeki, ad\u0131 verilen s\u0131n\u0131fa ait ar\u015fivi g\u00f6sterir.<\/li><li><code>taxonomy-{siniflandirma_yonteminin_link_adi}.php<\/code> : Bu \u015fablon, ad\u0131 verilen s\u0131n\u0131fland\u0131rma y\u00f6ntemine ait ar\u015fivi g\u00f6sterir. <\/li><li><code>tag-{etiketin_link_adi}.php<\/code>: Bu \u015fablon, ad\u0131 verilen etikete ait ar\u015fivi g\u00f6sterir. <\/li><li><code>tag-{ID}.php<\/code>: Bu \u015fablon, ID de\u011feri verilen etikete ait ar\u015fivi g\u00f6sterir.  <\/li><li><code>category-{kategorinin_link_adi}.php<\/code>: Bu \u015fablon, sadece ad\u0131 verilen kategoriye ait ar\u015fivi g\u00f6sterir.  <\/li><li><code>category-{ID}.php<\/code>: Bu \u015fablon, sadece, ID de\u011feri verilen kategoriye ait ar\u015fivi g\u00f6sterir.  <\/li><\/ul>\n\n\n\n<p>\u00d6rne\u011fin, <code>register_taxonomy()<\/code> fonksiyonu ile, &#8220;hayvanlar&#8221; ad\u0131nda \u00f6zel bir s\u0131n\u0131fland\u0131rma y\u00f6ntemi eklediniz varsayal\u0131m. Daha sonra, t\u0131pk\u0131 bir kategori ekler gibi, y\u00f6netim panelinizden, bu s\u0131n\u0131fland\u0131rmaya ait &#8220;kediler&#8221; ad\u0131nda bir s\u0131n\u0131f eklediniz. Bu s\u0131n\u0131ftaki yaz\u0131 ar\u015fivinizi g\u00f6stermek i\u00e7in ayr\u0131 bir \u015fablon olu\u015fturmak isterseniz, teman\u0131z\u0131n ana dizininde, <code>taxonomy-hayvanlar-kediler.php<\/code> ad\u0131nda bir dosya olu\u015fturmal\u0131s\u0131n\u0131z.<\/p>\n\n\n\n<p>WordPress, herhangi bir s\u0131n\u0131ftaki ar\u015fiviniz i\u00e7in haz\u0131rlanm\u0131\u015f \u00f6zel bir \u015fablon bulamazsa, onun yerine <code>archive.php<\/code> \u015fablonunu kullan\u0131r. <code>archive.php<\/code> \u015fablonu, b\u00fct\u00fcn ar\u015fiv sayfalar\u0131n\u0131z i\u00e7in kullan\u0131lan en genel ar\u015fiv \u015fablonudur.<\/p>\n\n\n\n<h2 class=\"wp-block-heading\"><span id=\"Kategori_Sablonlari\">Kategori \u015eablonlar\u0131<\/span><\/h2>\n\n\n\n<p>Kategoriler, WordPress kurulumu ile birlikte gelen bir s\u0131n\u0131fland\u0131rma y\u00f6ntemidir. Belli bir kategorideki i\u00e7eriklerinizi di\u011ferlerinden fakl\u0131 g\u00f6r\u00fcnecek \u015fekilde ar\u015fivlemek isteyebilirsiniz. Kategoriler i\u00e7in olu\u015fturabilece\u011finiz \u015fablon dosyalar\u0131, hiyerar\u015fi s\u0131ras\u0131na g\u00f6re \u015f\u00f6yledir:<\/p>\n\n\n\n<ul class=\"wp-block-list\"><li><code>category-{kategorinin_link_adi}.php<\/code> \u00d6rne\u011fin, kategorinizin link ad\u0131 &#8220;haberler&#8221; ise, bu kategorideki ar\u015fiviniz i\u00e7in WordPress \u00f6nce <code>category-haberler.php<\/code> \u015fablonunu kullan\u0131r.<\/li><li><code>category-{ID}.php<\/code> Link ad\u0131na g\u00f6re bir \u015fablonu yoksa ve kategorinizin id de\u011feri 6 ise, bu kategorideki ar\u015fiviniz i\u00e7in WordPress, <code>category-6.php<\/code> \u015fablonunu kullan\u0131r.<\/li><li><code>category.php<\/code><\/li><li><code>archive.php<\/code><\/li><li><code>index.php<\/code><\/li><\/ul>\n\n\n\n<h2 class=\"wp-block-heading\"><span id=\"Etiket_Sablonlari_Tag\">Etiket \u015eablonlar\u0131 (Tag)<\/span><\/h2>\n\n\n\n<p>Etiketler de t\u0131pk\u0131 kategoriler gibi, WordPress kurulumu ile birlikte gelen bir s\u0131n\u0131fland\u0131rma y\u00f6ntemidir. Etiketler, kategoriler gibi hiyerar\u015fik yap\u0131da de\u011fildir. Yani bir etiketin alt ya da \u00fcst etiketleri olmaz. Belli bir etikete sahip i\u00e7eriklerinizi, di\u011ferlerinden fakl\u0131 g\u00f6r\u00fcnecek \u015fekilde ar\u015fivlemek isteyebilirsiniz. Etiketler i\u00e7in olu\u015fturabilece\u011finiz \u015fablon dosyalar\u0131, hiyerar\u015fi s\u0131ras\u0131na g\u00f6re \u015f\u00f6yledir:<\/p>\n\n\n\n<ul class=\"wp-block-list\"><li><code>tag-{etiketin_link_adi}.php<\/code>:  \u00d6rne\u011fin, etiketinizin link ad\u0131 &#8220;baharatli-yemekler&#8221; ise, bu etikete sahip olan yaz\u0131lar\u0131n\u0131z\u0131n ar\u015fivi i\u00e7in WordPress \u00f6nce, <code>tag-baharatli-yemekler.php<\/code> \u015fablonunu kullan\u0131r. <\/li><li><code>tag-{ID}.php<\/code>: Link ad\u0131na g\u00f6re bir \u015fablonu yoksa ve etiketinizin id de\u011feri 6 ise, bu etikete sahip olar yaz\u0131lar\u0131n\u0131z\u0131n ar\u015fivi i\u00e7in WordPress, <code>tag-6.php<\/code> \u015fablonunu kullan\u0131r.<\/li><li><code>tag.php<\/code><\/li><li><code>archive.php<\/code><\/li><li><code>index.php<\/code><\/li><\/ul>\n\n\n\n<h2 class=\"wp-block-heading\"><span id=\"Ozel_Siniflandirma_Yontemi_Sablonlari\">\u00d6zel S\u0131n\u0131fland\u0131rma Y\u00f6ntemi \u015eablonlar\u0131<\/span><\/h2>\n\n\n\n<p>WordPress, <code>register_taxonomy()<\/code> fonksiyonu ile  sonradan eklenen s\u0131n\u0131fland\u0131rma y\u00f6ntemlerine, \u00f6zel s\u0131n\u0131fland\u0131rma y\u00f6ntemleri der. Sonradan ekledi\u011finiz bir s\u0131n\u0131fland\u0131rma y\u00f6ntemine ait olan yaz\u0131lar\u0131n\u0131z i\u00e7in bir ar\u015fiv \u015fablonu haz\u0131rlamak isterseniz, hiyerar\u015fi \u015f\u00f6yledir:<\/p>\n\n\n\n<ul class=\"wp-block-list\"><li><code>taxonomy-{siniflandirma_yonteminin_link_adi}-{sinifin_link_adi}.php<\/code>: \u00d6rne\u011fin, <code>register_taxonomy()<\/code> fonksiyonu ile, &#8220;hayvanlar&#8221; ad\u0131nda \u00f6zel bir s\u0131n\u0131fland\u0131rma y\u00f6ntemi eklediniz varsayal\u0131m. Daha sonra, t\u0131pk\u0131 bir kategori ekler gibi, y\u00f6netim panelinizden, bu s\u0131n\u0131fland\u0131rmaya ait &#8220;kediler&#8221; ad\u0131nda bir s\u0131n\u0131f eklediniz. WordPress, bu s\u0131n\u0131ftaki yaz\u0131 ar\u015fivinizi g\u00f6stermek i\u00e7in \u00f6nce, <code>taxonomy-hayvanlar-kediler.php<\/code> \u015fablonunu kullan\u0131r.  <\/li><li><code>taxonomy-{siniflandirma_yontemi}.php<\/code>: &#8220;hayvanlar&#8221; ad\u0131ndaki \u00f6zel s\u0131n\u0131fland\u0131rma y\u00f6ntemine ait &#8220;kediler&#8221; ar\u015fiviniz i\u00e7in WordPress, <code>taxonomy-hayvanlar-kediler.php<\/code> \u015fablonunu bulamazsa bu \u015fablonu kullan\u0131r.   <\/li><li><code>taxonomy.php<\/code><\/li><li><code>archive.php<\/code><\/li><li><code>index.php<\/code><\/li><\/ul>\n\n\n\n<h2 class=\"wp-block-heading\"><span id=\"Bir_Arsiv_Sayfasi_Sablonu_Olusturma\">Bir Ar\u015fiv Sayfas\u0131 \u015eablonu Olu\u015fturma<\/span><\/h2>\n\n\n\n<p>Herhangi bir s\u0131n\u0131fland\u0131rmaya ait yaz\u0131 ar\u015fiviniz i\u00e7in bir \u015fablon olu\u015fturmaya karar verdiniz diyelim. Peki nereden ba\u015flamal\u0131s\u0131n\u0131z?<\/p>\n\n\n\n<p>Bir ar\u015fiv \u015fablonu olu\u015fturman\u0131n en pratik ba\u015flang\u0131c\u0131, hiyerar\u015fide bu \u015fablondan sonra gelen ilk dosyay\u0131 kopyalay\u0131p yap\u0131\u015ft\u0131rmakt\u0131r. Mesela, kategori ar\u015fivinizi \u00f6zelle\u015ftirmek istediniz ve <code>category.php<\/code> ad\u0131nda bir \u015fablon olu\u015fturmaya karar verdiniz. Hiyerar\u015fiye g\u00f6re, <code>category.php<\/code> \u015fablonundan hemen sonraki \u015fablon, <code>archive.php<\/code>, ondan sonraki ise <code>index.php<\/code> dosyalar\u0131d\u0131r. Yani varsa <code>arcihve.php<\/code> dosyas\u0131n\u0131, yoksa da <code>index.php<\/code> dosyas\u0131n\u0131 koplay\u0131p yap\u0131\u015ft\u0131rarak ba\u015flamak, <code>category.php<\/code> \u015fablonu haz\u0131rlarken, size zaman kazand\u0131racakt\u0131r.<\/p>\n\n\n\n<p>Yukar\u0131da bahsetti\u011fimiz y\u00f6ntemi, olu\u015fturmak istedi\u011finiz b\u00fct\u00fcn ar\u015fiv \u015fablonlar\u0131 i\u00e7in kullanabilirsiniz.<\/p>\n\n\n\n\t<br \/>\n\t<div class=\"stcnnt-yazi-ici-reklam\">\n\t<span aria-hidden=\"true\" class=\"sc-reklam-basligi text-muted\" style=\"display:block;text-align:center;\">bu bir reklamd\u0131r:<\/span>\n\t<p aria-hidden=\"true\" class=\"shadow-lg m-0 p-0\">\n\t\t<script async src=\"\/\/pagead2.googlesyndication.com\/pagead\/js\/adsbygoogle.js\"><\/script>\n\t\t<ins class=\"adsbygoogle\"\n\t\t\t style=\"display:block; text-align:center;\"\n\t\t\t data-ad-layout=\"in-article\"\n\t\t\t data-ad-format=\"fluid\"\n\t\t\t data-ad-client=\"ca-pub-6366953309324763\"\n\t\t\t data-ad-slot=\"2001829037\"><\/ins>\n\t\t<script>\n\t\t\t (adsbygoogle = window.adsbygoogle || []).push({});\n\t\t<\/script>\n\t<\/p>\n\t<\/div>\n\t\n\n\n\n<h2 class=\"wp-block-heading\"><span id=\"Ornekler\">\u00d6rnekler<\/span><\/h2>\n\n\n\n<p>Ar\u015fiv \u015fablonlar\u0131nda baz\u0131 d\u00fczenlemeler yaparak, sizlere, \u015fablonunuzu \u00f6zelle\u015ftirmek konusunda yol g\u00f6stermek isityoruz.<\/p>\n\n\n\n<h3 class=\"wp-block-heading\"><span id=\"Kategori_Arsivinize_Sabit_Bir_Yazi_Eklemek\">Kategori Ar\u015fivinize Sabit Bir Yaz\u0131 Eklemek<\/span><\/h3>\n\n\n\n<p>Kategorilere ait ar\u015fiv sayfalar\u0131n\u0131za, \u00f6zel bir not, ba\u015fl\u0131k ya da bilgi eklemek isterseniz, tema dizininizde, ilgili kategori \u015fablonu bulup, bu sayfadaki <a rel=\"noreferrer noopener\" aria-label=\"d\u00f6ng\u00fcn\u00fcn (yeni sekmede a\u00e7\u0131l\u0131r)\" href=\"https:\/\/sitecenneti.com\/wordpress\/wordpress-tema-yapimi\/2-7-wordpress-dongusu-loop\/\" target=\"_blank\">d\u00f6ng\u00fcn\u00fcn<\/a> \u00fcst\u00fcne, \u015f\u00f6yle bir kod ekleyebilirsiniz:<\/p>\n\n\n\n<pre class=\"wp-block-code\"><code>&lt;p>\nBu sayfa, se\u00e7ti\u011finiz kategorideki b\u00fct\u00fcn yaz\u0131lar\u0131, yeniden eskiye do\u011fru listeler.\n&lt;\/p><\/code><\/pre>\n\n\n\n<p>Bu notu, d\u00f6ng\u00fcn\u00fcn alt\u0131na eklerseniz, ar\u015fiv listesinin alt\u0131nda yay\u0131nlanacakt\u0131r.<\/p>\n\n\n\n<h3 class=\"wp-block-heading\"><span id=\"Kategori_Arsivinize_Kategorisine_Gore_Yazi_Eklemek\">Kategori Ar\u015fivinize, Kategorisine G\u00f6re Yaz\u0131 Eklemek<\/span><\/h3>\n\n\n\n<p>Kategorilerinize ait, ar\u015fiv sayfalar\u0131n\u0131za not d\u00fc\u015fmek istiyorsunuz fakat, baz\u0131 kategoriler i\u00e7in di\u011ferlerinden farkl\u0131 notlar d\u00fc\u015fmek istiyorsunuz. Bunu yapman\u0131n zor yolu, her kategori i\u00e7in, <code>category-{link-adi}.php<\/code> \u015feklinde birer \u015fablon haz\u0131rlamak ve her bir \u015fablonda, d\u00f6ng\u00fclerin \u00fcst k\u0131sm\u0131na o kategori i\u00e7in \u00f6zel bir not d\u00fc\u015fmektir. Bu yol, tema dizininizde, bir \u00e7ok dosya olu\u015fmas\u0131na yol a\u00e7acakt\u0131r. Kolay yolu ise, <code>category.php<\/code> dosyan\u0131za \u015fu kodu eklemektir:<\/p>\n\n\n\n<pre class=\"wp-block-code\"><code>&lt;?php if (is_category('Kategori A')) : ?>\n      &lt;p>Kategori A i\u00e7in \u00f6zen bir not&lt;\/p>\n&lt;?php elseif (is_category('Kategori B')) : ?>\n      &lt;p>Kategori B i\u00e7in \u00f6zen bir not&lt;\/p>\n&lt;?php else : ?>\n      &lt;p>Bu k\u0131s\u0131m di\u011fer b\u00fct\u00fcn kategori ar\u015fivlerinde g\u00f6r\u00fcnecektir. Dilerseniz bo\u015f da b\u0131rakabilirsiniz.&lt;\/p>\n&lt;?php endif; ?><\/code><\/pre>\n\n\n\n<h3 class=\"wp-block-heading\"><span id=\"Arsivinizin_Sadece_Ilk_Sayfasina_Yazi_Ekleme\">Ar\u015fivinizin Sadece \u0130lk Sayfas\u0131na Yaz\u0131 Ekleme<\/span><\/h3>\n\n\n\n<p>Ar\u015fivinizdeki yaz\u0131lar\u0131n say\u0131s\u0131, <strong>Y\u00f6netim paneli : Ayarlar->Okuma <\/strong>sayfas\u0131nda ayarlad\u0131\u011f\u0131n\u0131z, &#8220;<em>En fazla g\u00f6sterilecek blog sayfas\u0131 adedi<\/em>&#8221; say\u0131s\u0131n\u0131 a\u015f\u0131yor ise, ar\u015fivinizde, birden \u00e7ok sayfa var, bu y\u00fczden de bir sayfalama durumu var demektir.<\/p>\n\n\n\n<p>Sayfalanm\u0131\u015f bir sayfada, ka\u00e7\u0131nc\u0131 sayfan\u0131n g\u00f6sterilmekte oldu\u011funu anlamak i\u00e7in, $paged de\u011fi\u015fkeninin ald\u0131\u011f\u0131 de\u011fere bakmal\u0131y\u0131z. Bu de\u011fi\u015fken, 2 den k\u00fc\u00e7\u00fck bir de\u011fer al\u0131yor ise, bu ilk sayfada oldu\u011funuz anlam\u0131na gelir. A\u015fa\u011f\u0131daki kod, bu mant\u0131k ile, sayfalanm\u0131\u015f bir ar\u015fiv sayfas\u0131nda, ilk sayfa i\u00e7in bir not d\u00fc\u015fmektedir:<\/p>\n\n\n\n<pre class=\"wp-block-code\"><code>&lt;?php if ( $paged &lt; 2 ) : ?>\n      &lt;p>Kategori ar\u015fivin ilk sayfas\u0131 i\u00e7in bir yaz\u0131d\u0131r.&lt;\/p>\n&lt;?php else : ?>\n      &lt;p>Bu yaz\u0131, ilk sayfa d\u0131\u015f\u0131ndaki b\u00fct\u00fcn sayfalarda g\u00f6r\u00fcnecektir. Dilerseniz buray\u0131 bo\u015f b\u0131rakabilirsiniz.&lt;\/p>\n&lt;?php endif; ?><\/code><\/pre>\n\n\n\n\t<br \/>\n\t<div class=\"stcnnt-yazi-ici-reklam\">\n\t<span aria-hidden=\"true\" class=\"sc-reklam-basligi text-muted\" style=\"display:block;text-align:center;\">bu bir reklamd\u0131r:<\/span>\n\t<p aria-hidden=\"true\" class=\"shadow-lg m-0 p-0\">\n\t\t<script async src=\"\/\/pagead2.googlesyndication.com\/pagead\/js\/adsbygoogle.js\"><\/script>\n\t\t<ins class=\"adsbygoogle\"\n\t\t\t style=\"display:block; text-align:center;\"\n\t\t\t data-ad-layout=\"in-article\"\n\t\t\t data-ad-format=\"fluid\"\n\t\t\t data-ad-client=\"ca-pub-6366953309324763\"\n\t\t\t data-ad-slot=\"2001829037\"><\/ins>\n\t\t<script>\n\t\t\t (adsbygoogle = window.adsbygoogle || []).push({});\n\t\t<\/script>\n\t<\/p>\n\t<\/div>\n\t\n\n\n\n<h3 class=\"wp-block-heading\"><span id=\"Arsivdeki_Yazilarin_Iceriklerinin_Gorunumu\">Ar\u015fivdeki Yaz\u0131lar\u0131n \u0130\u00e7eriklerinin G\u00f6r\u00fcn\u00fcm\u00fc<\/span><\/h3>\n\n\n\n<p>Bir \u00e7ok tema, ar\u015fiv sayfalar\u0131nda s\u0131ralanan yaz\u0131lar\u0131n, tam metnini de\u011fil giri\u015f k\u0131sm\u0131n\u0131 ya da \u00f6zetini g\u00f6stermeyi tercih eder. B\u00f6ylesi, daha kullan\u0131\u015fl\u0131 olur. E\u011fer, teman\u0131z\u0131n kategori ar\u015fivinde, siz de i\u00e7eriklerinizin tam metni yerine \u00f6zetlerini g\u00f6stermek isityorsan\u0131z, kategori \u015fablonunuzu a\u00e7\u0131p, <a rel=\"noreferrer noopener\" aria-label=\"d\u00f6ng\u00fc  (yeni sekmede a\u00e7\u0131l\u0131r)\" href=\"https:\/\/sitecenneti.com\/wordpress\/wordpress-tema-yapimi\/2-7-wordpress-dongusu-loop\/\" target=\"_blank\">d\u00f6ng\u00fc <\/a>i\u00e7erisindeki:<\/p>\n\n\n\n<pre class=\"wp-block-code\"><code>the_content() \/\/ tam metni g\u00f6sterir<\/code><\/pre>\n\n\n\n<p>fonksiyonunu kald\u0131r\u0131p, yerine:<\/p>\n\n\n\n<pre class=\"wp-block-code\"><code>the_excerpt() \/\/ \u00f6zeti ya da metnin giri\u015f k\u0131sm\u0131n\u0131 g\u00f6sterir<\/code><\/pre>\n\n\n\n<p>fonksiyonunu kullanmal\u0131s\u0131n\u0131z. Belki de, yaz\u0131lar\u0131n\u0131z k\u0131sa k\u0131sad\u0131r ve ar\u015fivlerinizde, \u00f6zetini de\u011fil, metinlerinizin tamam\u0131n\u0131 g\u00f6stermek istiyorsunuz. O zaman da bu i\u015flemin tam tersini yapmal\u0131s\u0131n\u0131z.<\/p>\n","protected":false},"excerpt":{"rendered":"<p>Bu derste, belli bir s\u0131n\u0131ftaki yaz\u0131 ar\u015fivinizi g\u00f6stermek i\u00e7in gerekli \u015fablonlar\u0131 ve bu \u015fablonlara ait \u00f6rnek kodlar\u0131 g\u00f6rece\u011fiz.<\/p>\n","protected":false},"author":1,"featured_media":25,"comment_status":"open","ping_status":"open","sticky":false,"template":"","format":"standard","meta":{"footnotes":""},"categories":[9],"tags":[71,75,74,73,70,76,77],"class_list":["post-1470","post","type-post","status-publish","format-standard","has-post-thumbnail","hentry","category-wordpress-tema-yapimi","tag-arsiv-sablonu","tag-category-php","tag-etiket-sablonu","tag-kategori-sablonu","tag-siniflandirma-sablonu","tag-tag-php","tag-taxonomy-php"],"_links":{"self":[{"href":"https:\/\/sitecenneti.com\/wordpress\/wp-json\/wp\/v2\/posts\/1470","targetHints":{"allow":["GET"]}}],"collection":[{"href":"https:\/\/sitecenneti.com\/wordpress\/wp-json\/wp\/v2\/posts"}],"about":[{"href":"https:\/\/sitecenneti.com\/wordpress\/wp-json\/wp\/v2\/types\/post"}],"author":[{"embeddable":true,"href":"https:\/\/sitecenneti.com\/wordpress\/wp-json\/wp\/v2\/users\/1"}],"replies":[{"embeddable":true,"href":"https:\/\/sitecenneti.com\/wordpress\/wp-json\/wp\/v2\/comments?post=1470"}],"version-history":[{"count":0,"href":"https:\/\/sitecenneti.com\/wordpress\/wp-json\/wp\/v2\/posts\/1470\/revisions"}],"wp:featuredmedia":[{"embeddable":true,"href":"https:\/\/sitecenneti.com\/wordpress\/wp-json\/wp\/v2\/media\/25"}],"wp:attachment":[{"href":"https:\/\/sitecenneti.com\/wordpress\/wp-json\/wp\/v2\/media?parent=1470"}],"wp:term":[{"taxonomy":"category","embeddable":true,"href":"https:\/\/sitecenneti.com\/wordpress\/wp-json\/wp\/v2\/categories?post=1470"},{"taxonomy":"post_tag","embeddable":true,"href":"https:\/\/sitecenneti.com\/wordpress\/wp-json\/wp\/v2\/tags?post=1470"}],"curies":[{"name":"wp","href":"https:\/\/api.w.org\/{rel}","templated":true}]}}