{"id":193,"date":"2020-07-17T01:43:50","date_gmt":"2020-07-16T22:43:50","guid":{"rendered":"https:\/\/sitecenneti.com\/kimya\/?p=193"},"modified":"2020-07-26T17:30:29","modified_gmt":"2020-07-26T14:30:29","slug":"yks-saglik-engel-bilgi-formu-hakkinda-hersey","status":"publish","type":"post","link":"https:\/\/sitecenneti.com\/kimya\/yks-sinav-rehberi\/yks-sinav-basvurusu\/yks-saglik-engel-bilgi-formu-hakkinda-hersey\/","title":{"rendered":"YKS Sa\u011fl\u0131k Engel Bilgi Formu Hakk\u0131nda Her\u015fey"},"content":{"rendered":"<div id=\"toc_container\" class=\"toc_transparent no_bullets\"><p class=\"toc_title\">\u0130&ccedil;indekiler<\/p><ul class=\"toc_list\"><li><a href=\"#YKS_Saglik_Engel_Bilgi_Formu_Saglik_DurumuEngel_Bilgi_Formu_8211_Ocesinde_Bilmen_Gerekenler\">YKS Sa\u011fl\u0131k Engel Bilgi Formu (Sa\u011fl\u0131k Durumu\/Engel Bilgi Formu) &#8211; \u00d6cesinde Bilmen Gerekenler<\/a><ul><li><a href=\"#Engel_Saglik_Durumu_Icin_Istenecek_Belgeler\">Engel \/ Sa\u011fl\u0131k Durumu \u0130\u00e7in \u0130stenecek Belgeler<\/a><\/li><li><a href=\"#SaglikEngel_Durumunu_Belirten_Dilekce_Ornegi\">Sa\u011fl\u0131k\/Engel Durumunu Belirten Dilek\u00e7e \u00d6rne\u011fi<\/a><\/li><li><a href=\"#Engel_Saglik_Durumu_Bilgilerinin_Sisteme_Islenmesi\">Engel \/ Sa\u011fl\u0131k Durumu Bilgilerinin Sisteme \u0130\u015flenmesi<\/a><\/li><li><a href=\"#Engelin_Agir_Ise\">Engelin A\u011f\u0131r \u0130se<\/a><\/li><li><a href=\"#Belgeleri_Zamaninda_Ulastir\">Belgeleri Zaman\u0131nda Ula\u015ft\u0131r<\/a><\/li><li><a href=\"#Sureklilik_Arzeden_Engel_Saglik_Durumu\">S\u00fcreklilik Arzeden Engel \/ Sa\u011fl\u0131k Durumu<\/a><\/li><li><a href=\"#Engelli_Salonu\">Engelli Salonu<\/a><\/li><li><a href=\"#Kullanmak_Zorunda_Oldugun_Gerecler_Varsa\">Kullanmak Zorunda Oldu\u011fun Gere\u00e7ler Varsa<\/a><\/li><li><a href=\"#Sinav_Sonuc_Belgen\">S\u0131nav Sonu\u00e7 Belgen<\/a><\/li><li><a href=\"#Son_Anda_Bir_Aksilik_Olursa\">Son Anda Bir Aksilik Olursa<\/a><\/li><\/ul><\/li><li><a href=\"#Gorme_Engeli_Olan_Adaylara_Sinav_Uygulamasi\">G\u00f6rme Engeli Olan Adaylara S\u0131nav Uygulamas\u0131<\/a><ul><li><a href=\"#Gorme_Engeli_Olan_Adaylara_Ek_Sure_Sarti\">G\u00f6rme Engeli Olan Adaylara Ek S\u00fcre \u015eart\u0131<\/a><\/li><li><a href=\"#Sinav_Kitapcigini_Kendin_Okuyabilecek_Durumda_Isen\">S\u0131nav Kitap\u00e7\u0131\u011f\u0131n\u0131 Kendin Okuyabilecek Durumda \u0130sen<\/a><\/li><li><a href=\"#Isaretleyici_Ne_Demektir\">\u0130\u015faretleyici Ne Demektir?<\/a><\/li><\/ul><\/li><li><a href=\"#Isitme_Engeli_Olan_Adaylara_Sinav_Uygulamasi\">\u0130\u015fitme Engeli Olan Adaylara S\u0131nav Uygulamas\u0131<\/a><ul><li><a href=\"#Isitme_Engeli_Olan_Adaylara_Ek_Sure_Sarti\">\u0130\u015fitme Engeli Olan Adaylara Ek S\u00fcre \u015eart\u0131<\/a><\/li><\/ul><\/li><li><a href=\"#Bedensel_Engeli_Olan_Adaylara_Sinav_Uygulamasi\">Bedensel Engeli Olan Adaylara S\u0131nav Uygulamas\u0131<\/a><\/li><li><a href=\"#Diger_Engeli_Olan_Adaylara_Sinav_Uygulamasi\">Di\u011fer Engeli Olan Adaylara S\u0131nav Uygulamas\u0131<\/a><ul><li><a href=\"#Okuyucu_ve_Isaretleyici_Yardimi\">Okuyucu ve \u0130\u015faretleyici Yard\u0131m\u0131<\/a><\/li><li><a href=\"#Soru_ve_Salon_Durumu\">Soru ve Salon Durumu<\/a><\/li><li><a href=\"#Ruhsal_ve_Duygusal_Sorunu_Olanlar\">Ruhsal ve Duygusal Sorunu Olanlar<\/a><\/li><li><a href=\"#Yaninda_IlacIgne_ile_YKS_Sinavina_Girme\">Yan\u0131nda \u0130la\u00e7\/\u0130\u011fne ile YKS S\u0131nav\u0131na Girme<\/a><\/li><\/ul><\/li><li><a href=\"#Gecici_Engeli_Olan_Adaylara_Sinav_Uygulamasi\">Ge\u00e7ici Engeli Olan Adaylara S\u0131nav Uygulamas\u0131<\/a><\/li><li><a href=\"#Saglik_Durumu_Engel_Bilgi_Formunun_Doldurulmasi\">Sa\u011fl\u0131k Durumu Engel \/ Bilgi Formunun Doldurulmas\u0131<\/a><ul><li><a href=\"#Aday_Bilgileri_Bolumu\">Aday Bilgileri B\u00f6l\u00fcm\u00fc<\/a><\/li><li><a href=\"#Engel_Durumuna_Iliskin_Bilgiler_Bolumu\">Engel Durumuna \u0130li\u015fkin Bilgiler B\u00f6l\u00fcm\u00fc<\/a><ul><li><a href=\"#Surekli_Engel_Grubu\">S\u00fcrekli Engel Grubu<\/a><\/li><li><a href=\"#Gecici_Bir_Engelin_Varsa\">Ge\u00e7ici Bir Engelin Varsa<\/a><\/li><li><a href=\"#Ozel_Durumlar\">\u00d6zel Durumlar<\/a><\/li><\/ul><\/li><li><a href=\"#Sinav_Ugulamasina_Iliskin_Bilgiler_Bolumu\">S\u0131nav Ugulamas\u0131na \u0130li\u015fkin Bilgiler B\u00f6l\u00fcm\u00fc<\/a><ul><li><a href=\"#Soru_Kitapcigi_Okuma_Durumu\">Soru Kitap\u00e7\u0131\u011f\u0131 Okuma Durumu<\/a><\/li><li><a href=\"#Cevap_Kagidi_Isaretleme_Durumu\">Cevap Ka\u011f\u0131d\u0131 \u0130\u015faretleme Durumu<\/a><\/li><li><a href=\"#Sinav_Salon_Tercihi\">S\u0131nav Salon Tercihi<\/a><\/li><li><a href=\"#Sinav_Salonuna_Erisim_Durumu\">S\u0131nav Salonuna Eri\u015fim Durumu<\/a><\/li><\/ul><\/li><li><a href=\"#Sinava_Getirilebilecek_Arac_ve_Gerecler_Bolumu\">S\u0131nava Getirilebilecek Ara\u00e7 ve Gere\u00e7ler B\u00f6l\u00fcm\u00fc<\/a><ul><li><a href=\"#YKS_Sinavina_Bir_Alet_8211_Esya_8211_Arac_Gerec_Getirecek_Herkes_Icin_Genel_Kurallar\">YKS S\u0131nav\u0131na Bir Alet &#8211; E\u015fya &#8211; Ara\u00e7 Gere\u00e7 Getirecek Herkes \u0130\u00e7in Genel Kurallar<\/a><\/li><\/ul><\/li><\/ul><\/li><\/ul><\/div>\n\n<p>Sevgili \u00f6\u011frencim bu derste, yukar\u0131da resmini g\u00f6rd\u00fc\u011f\u00fcn <strong>YKS Sa\u011fl\u0131k Engel Bilgi Formu<\/strong> (<em>Sa\u011fl\u0131k Drumu\/Engel Bilgi Formu<\/em>) nas\u0131l doldurulaca\u011f\u0131 ile ilgili detayl\u0131 bilgi bulacaks\u0131n.<\/p>\n\n\n\n<p>\u00d6ncelikle, YKS Sa\u011fl\u0131k Durumu \/ Engel Bilgi Formunu dolduracak adaylar\u0131n, <a href=\"https:\/\/sitecenneti.com\/kimya\/yks\/yks-sinav-basvurusu-nasil-yapilir\/\" target=\"_blank\" rel=\"noreferrer noopener\">YKS s\u0131nav ba\u015fvurusu<\/a> formunda bulunan, &#8220;<em>31. SA\u011eLIK\/ENGEL DURUM B\u0130LG\u0130LER\u0130<\/em>&#8221; alan\u0131ndaki kutucu\u011fu i\u015faretlemek istemesi gerekmektedir. A\u015fa\u011f\u0131da YKS ba\u015fvuru formunda g\u00f6rece\u011fin bu alan\u0131n resmini verdim:<\/p>\n\n\n\n<div class=\"wp-block-image\"><figure class=\"aligncenter size-large\"><img loading=\"lazy\" decoding=\"async\" width=\"821\" height=\"89\" src=\"https:\/\/sitecenneti.com\/kimya\/wp-content\/uploads\/sites\/16\/2020\/07\/YKS-s\u0131nav\u0131-ba\u015fvuru-formu-sa\u011fl\u0131k-engel-durumu-bilgileri.png\" alt=\"YKS S\u0131nav Ba\u015fvurusu Sa\u011fl\u0131k Engel Bilgi Formu\" class=\"wp-image-192\" srcset=\"https:\/\/sitecenneti.com\/kimya\/wp-content\/uploads\/sites\/16\/2020\/07\/YKS-s\u0131nav\u0131-ba\u015fvuru-formu-sa\u011fl\u0131k-engel-durumu-bilgileri.png 821w, https:\/\/sitecenneti.com\/kimya\/wp-content\/uploads\/sites\/16\/2020\/07\/YKS-s\u0131nav\u0131-ba\u015fvuru-formu-sa\u011fl\u0131k-engel-durumu-bilgileri-300x33.png 300w, https:\/\/sitecenneti.com\/kimya\/wp-content\/uploads\/sites\/16\/2020\/07\/YKS-s\u0131nav\u0131-ba\u015fvuru-formu-sa\u011fl\u0131k-engel-durumu-bilgileri-768x83.png 768w\" sizes=\"auto, (max-width: 821px) 100vw, 821px\" \/><figcaption>YKS S\u0131nav Ba\u015fvurusu Sa\u011fl\u0131k Engel Bilgi Formu<\/figcaption><\/figure><\/div>\n\n\n\n<p>Sevgili \u00f6\u011frencim, &#8220;<em>31. SA\u011eLIK\/ENGEL DURUM B\u0130LG\u0130LER\u0130<\/em>&#8221; alan\u0131ndaki kutucu\u011fu i\u015faretlemen demek, bir sa\u011fl\u0131k sorunun veya engel durumun var demektir. YKS Sa\u011fl\u0131k Durumu \/ Engel Bilgi Formunu doldurup, bu kutucu\u011fu i\u015faretlersen, &#8220;<strong>Engelli Salonlar\u0131<\/strong>&#8220;nda \u00f6zel olarak s\u0131nava gireceksin.<\/p>\n\n\n\n<h2 class=\"wp-block-heading\"><span id=\"YKS_Saglik_Engel_Bilgi_Formu_Saglik_DurumuEngel_Bilgi_Formu_8211_Ocesinde_Bilmen_Gerekenler\">YKS Sa\u011fl\u0131k Engel Bilgi Formu (Sa\u011fl\u0131k Durumu\/Engel Bilgi Formu) &#8211; \u00d6cesinde Bilmen Gerekenler<\/span><\/h2>\n\n\n\n<p>&#8220;<em>31. SA\u011eLIK\/ENGEL DURUM B\u0130LG\u0130LER\u0130<\/em>&#8221; alan\u0131ndaki kutucu\u011fu i\u015faretlemeden \u00f6nce <em>YKS Sa\u011fl\u0131k Durumu \/ Engel Bilgi Formu<\/em>nu doldurman gerekti\u011fini s\u00f6ylemi\u015ftik. Bu formu doldururmaya ba\u015flamadan \u00f6nce \u015funlar\u0131 bilmen gerek:<\/p>\n\n\n\n<h3 class=\"wp-block-heading\"><span id=\"Engel_Saglik_Durumu_Icin_Istenecek_Belgeler\">Engel \/ Sa\u011fl\u0131k Durumu \u0130\u00e7in \u0130stenecek Belgeler<\/span><\/h3>\n\n\n\n<p>\u00d6SYM, bu kutucu\u011fu i\u015faretleyen adaylardan \u015fu belgeleri isteyecek:<\/p>\n\n\n\n<ol class=\"wp-block-list\"><li>Bir \u00dcniversite Hastanesinden veya bir Devlet Hastanesinden alaca\u011f\u0131n <em>Engelli Sa\u011fl\u0131k Kurulu Raporu<\/em> \/ <em>Sa\u011fl\u0131k Kurulu Raporu<\/em> \/ <em>\u00c7ocuklar \u0130\u00e7in \u00d6zel Gereksinim Raporu (\u00c7\u00d6ZGER)<\/em>&#8216;nun onayl\u0131 bir \u00f6rne\u011fini (Raporunu devlet ya da \u00fcniversite hastanesinden almaya \u00f6zen g\u00f6ster, ba\u015fka kurumlardan al\u0131nan raporlar olmaz.)<\/li><li>Sa\u011fl\u0131k\/Engel Bilgi Formunu (doldurulmu\u015f olarak)<\/li><li>Sa\u011fl\u0131k\/engel durumlar\u0131n\u0131 belirten dilek\u00e7elerini<\/li><li>Aday Ba\u015fvuru Kay\u0131t Bilgilerinin bir fotokopisini<\/li><\/ol>\n\n\n\n<p>Bu belgeleri, \u201c<em>\u00d6SYM Engelli AdaylarDaire Ba\u015fkanl\u0131\u011f\u0131 (EADB) 06800 Bilkent\/ANKARA<\/em>\u201d adresine, ba\u015fvuru s\u00fcresi bitmeden posta veya kargo yoluyla ya da g\u00f6t\u00fcr\u00fcp elden de teslim edebilirsin.<\/p>\n\n\n\n<p>UYARI: Sa\u011fl\u0131k Raporunun ve di\u011fer belgelerin asl\u0131n\u0131 de\u011fil onayl\u0131 bir \u00f6rne\u011fini g\u00f6ndermelisin. Belgelerin asl\u0131n\u0131n sende kalmas\u0131 daha do\u011frudur.<\/p>\n\n\n\n<p>UYARI: Sa\u011fl\u0131k Durumu \/ Engel Bilgi Formunda i\u015faretleme yapt\u0131ysan ve ba\u015fvuru sistemine sa\u011fl\u0131k sorunu\/engelli olarak olarak kaydedildi isen ve a\u015fa\u011f\u0131daki belgeleri ba\u015fvuru s\u00fcresi i\u00e7erisinde \u00d6SYM\u2019ye ula\u015ft\u0131rman zorunlduur. Bunu yapmazsan , engelli olarak bina\/salon ataman yap\u0131lmayacak, s\u0131nava engelli aday olarak kat\u0131lamayacaks\u0131n. Ayr\u0131ca, s\u0131nava <em>engelli aday<\/em> olarak girdi\u011fin h\u00e2lde, <em>Engelli Sa\u011fl\u0131k Kurulu Raporu\/Sa\u011fl\u0131k Kurulu Raporunun<\/em> \u00d6SYM\u2019ye ula\u015fmad\u0131\u011f\u0131 tespit edilirse, s\u0131nav\u0131n ge\u00e7ersiz say\u0131lacakt\u0131r.<\/p>\n\n\n\n<h3 class=\"wp-block-heading\"><span id=\"SaglikEngel_Durumunu_Belirten_Dilekce_Ornegi\">Sa\u011fl\u0131k\/Engel Durumunu Belirten Dilek\u00e7e \u00d6rne\u011fi<\/span><\/h3>\n\n\n\n<p>Bu dilek\u00e7e, Engel\/Sa\u011fl\u0131k Durumu olan adaylardan istenen belgelerden biridir. Bu dilek\u00e7eyi, <a aria-label=\"undefined (opens in a new tab)\" href=\"https:\/\/dokuman.osym.gov.tr\/pdfdokuman\/2020\/YKS\/YksKilavuz14052020.pdf\" target=\"_blank\" rel=\"noreferrer noopener\">\u00d6SYM YKS Klavuzunda<\/a> verilen &#8220;<em>Genel Ama\u00e7l\u0131 Dilek\u00e7e<\/em>&#8221; \u00f6rne\u011fine g\u00f6re yazman ve \u00d6SYM&#8217;ye g\u00f6ndermen gerekiyor. A\u015fa\u011f\u0131da sana bu dilek\u00e7e yap\u0131s\u0131n\u0131n bir foto\u011fraf\u0131n\u0131 verdim:<\/p>\n\n\n\n<div class=\"wp-block-image\"><figure class=\"aligncenter size-large\"><img decoding=\"async\" src=\"https:\/\/sitecenneti.com\/kimya\/wp-content\/uploads\/sites\/16\/2020\/07\/YKS-Ba\u015furusu-genel-ama\u00e7l\u0131-dilek\u00e7e.png\" alt=\"YKS Sa\u011fl\u0131k Engel Bilgi Formu - Sa\u011fl\u0131k\/Engel Durumunu Belirten Dilek\u00e7e \u00d6rne\u011fi\" class=\"wp-image-226\"\/><figcaption>YKS Sa\u011fl\u0131k Engel Bilgi Formu &#8211; Sa\u011fl\u0131k\/Engel Durumunu Belirten Dilek\u00e7e \u00d6rne\u011fi<\/figcaption><\/figure><\/div>\n\n\n\n<h3 class=\"wp-block-heading\"><span id=\"Engel_Saglik_Durumu_Bilgilerinin_Sisteme_Islenmesi\">Engel \/ Sa\u011fl\u0131k Durumu Bilgilerinin Sisteme \u0130\u015flenmesi<\/span><\/h3>\n\n\n\n<p><a href=\"https:\/\/sitecenneti.com\/kimya\/yks\/yks-sinav-basvurusu-nasil-yapilir\/\">YKS s\u0131nav ba\u015fvurunu<\/a> bir \u00d6SYM ba\u015fvuru merkezinden yapacaksan ve \u00d6SYM aday i\u015flemleri sisteminde hi\u00e7bir engel bilgin g\u00f6r\u00fcnm\u00fcyorsa, yukar\u0131da s\u0131ralad\u0131\u011f\u0131m belgeleri yan\u0131nda bulundurmay\u0131 unutma. Bu belgeler ile engel durumu veya sa\u011fl\u0131k sorunu bilgilerin sisteme kaydedilecek. Kay\u0131t i\u015flemleri bitince, belgelerini geri almay\u0131 da sak\u0131n unutma, \u00e7\u00fcnk\u00fc bu belgeler \u00d6SYM\u2019ye ula\u015ft\u0131r\u0131lacak, asla ba\u015fvuru merkezlerine b\u0131rak\u0131lmayacakt\u0131r.<\/p>\n\n\n\n<p><a href=\"https:\/\/sitecenneti.com\/kimya\/yks\/yks-sinav-basvurusu-nasil-yapilir\/\">YKS s\u0131nav ba\u015fvurunu<\/a> internet \u00fczerinden kendin yapacaksan ve \u00d6SYM aday i\u015flemleri sisteminde hi\u00e7bir engel bilgin g\u00f6r\u00fcnm\u00fcyorsa, <em>Sa\u011fl\u0131k Durumu\/Engel Bilgi Formu<\/em>nu, yukar\u0131da s\u0131ralad\u0131\u011f\u0131m belgelerine bakarak kendin de doldurabilirsin.<\/p>\n\n\n\n<p>Sevgili \u00f6\u011frencim, e\u011fer \u00d6SYM Aday \u0130\u015flemleri Sisteminde, engel\/sa\u011fl\u0131k durumu bilgilerin zaten kay\u0131tl\u0131 ise, fakat bu bilgilerinde bir de\u011fi\u015fiklik yapman gerekiyorsa, yeni durumunu kan\u0131tlayan <em>Sa\u011fl\u0131k Kurulu Raporunu<\/em> (internet arac\u0131l\u0131\u011f\u0131yla bireysel ba\u015fvuru yapanlar da d\u00e2hil) yukar\u0131da belirtilen di\u011fer belgelerle birlikte ba\u015fvuru s\u00fcresi i\u00e7erisinde \u00d6SYM\u2019ye ula\u015ft\u0131r. \u00d6SYM&#8217;den ba\u015fka kimse, sistemde mevcut olan engel\/sa\u011fl\u0131k bilgilerinde de\u011fi\u015fiklik yapamaz.<\/p>\n\n\n\n<h3 class=\"wp-block-heading\"><span id=\"Engelin_Agir_Ise\">Engelin A\u011f\u0131r \u0130se<\/span><\/h3>\n\n\n\n<p>G\u00f6nderdi\u011fin sa\u011fl\u0131k raporuna g\u00f6re; bedensel, g\u00f6rme veya i\u015fitme yetilerindeki sorun a\u011f\u0131r derecede ise , \u00d6SYM raporunu inceleyecek, gerekirse sana \u00f6zel bir se\u00e7me ve yerle\u015ftirme i\u015flemi uygulayacakt\u0131r. Bunun anlam\u0131 \u015fudur; gerekirse \u00d6SYM sana \u00f6zel s\u0131nav ve salon haz\u0131rlar.<\/p>\n\n\n\n<h3 class=\"wp-block-heading\"><span id=\"Belgeleri_Zamaninda_Ulastir\">Belgeleri Zaman\u0131nda Ula\u015ft\u0131r<\/span><\/h3>\n\n\n\n<p>\u00d6nemi bir di\u011fer husus da, senden istenen belgeleri, ba\u015fvuru s\u00fcresi dolmadan \u00d6SYM&#8217;ye ula\u015ft\u0131rmand\u0131r. Bunu yapamazsan, engel\/sa\u011fl\u0131k durumun dikkate al\u0131nmaz ve di\u011fer adaylar gibi s\u0131nav olursun.<\/p>\n\n\n\n<h3 class=\"wp-block-heading\"><span id=\"Sureklilik_Arzeden_Engel_Saglik_Durumu\">S\u00fcreklilik Arzeden Engel \/ Sa\u011fl\u0131k Durumu<\/span><\/h3>\n\n\n\n<p>De\u011ferli \u00f6\u011frencim, e\u011fer sa\u011fl\u0131k\/engel durumun s\u00fcrekli ise, yani her y\u0131l de\u011fi\u015fecek bir durumda de\u011filsen, senin bu durumunu \u00d6SYM&#8217;ye bir defa belgelemen yeterli olacakt\u0131r. \u00d6SYM senin g\u00f6nderdi\u011fin raporu ar\u015fivleyecek ve senden her y\u0131l bu belgeleri tekrar istemeyecektir. Tabi \u00d6SYM gerek duyarsa tekrar rapor isteme hakk\u0131na sahiptir.<\/p>\n\n\n\n<h3 class=\"wp-block-heading\"><span id=\"Engelli_Salonu\">Engelli Salonu<\/span><\/h3>\n\n\n\n<p>Belgelerin \u00d6SYM taraf\u0131ndan kabul edilirse, s\u0131nava giri\u015f belgende \u201c<em>Engelli Salonu<\/em>\u201d yazacakt\u0131r. Raporun kabul edilmezse, sen de herkes gibi s\u0131nav olacaks\u0131n demektir.<\/p>\n\n\n\n<h3 class=\"wp-block-heading\"><span id=\"Kullanmak_Zorunda_Oldugun_Gerecler_Varsa\">Kullanmak Zorunda Oldu\u011fun Gere\u00e7ler Varsa<\/span><\/h3>\n\n\n\n<p>Engel veya sa\u011fl\u0131k durumundan  dolay\u0131, s\u0131navda kullanman zorunlu olan bir ara\u00e7 ya da alet varsa, bunu \u00d6SYM&#8217;ye g\u00f6nderece\u011fin belgelerden biri olan &#8220;<em>Sa\u011fl\u0131k\/engel durumlar\u0131n\u0131 belirten dilek\u00e7e<\/em>&#8220;nde ayr\u0131nt\u0131l\u0131 olarak belirtmelisin. \u00d6SYM dilek\u00e7eni inceleyecek ve uygun g\u00f6r\u00fcr\u00fcrse <em>S\u0131nava Giri\u015f Belgende<\/em>, s\u0131nava getirebilece\u011fin ara\u00e7 gere\u00e7 ve cihazlar k\u0131sm\u0131na bu gereci yazacakt\u0131r.<\/p>\n\n\n\n<h3 class=\"wp-block-heading\"><span id=\"Sinav_Sonuc_Belgen\">S\u0131nav Sonu\u00e7 Belgen<\/span><\/h3>\n\n\n\n<p>E\u011fer engel t\u00fcr\u00fc ve derecene g\u00f6re \u00f6zel olarak s\u0131nav yapt\u0131 isen, s\u0131nav sonu\u00e7 belgen de sana \u00f6zel olarak haz\u0131rlanacak.<\/p>\n\n\n\n<h3 class=\"wp-block-heading\"><span id=\"Son_Anda_Bir_Aksilik_Olursa\">Son Anda Bir Aksilik Olursa<\/span><\/h3>\n\n\n\n<p>Sevgili \u00f6\u011frencim, Allah korusun, ba\u015fvuru i\u015flemleri bittikten sonra ba\u015f\u0131na bir kaza gelir de sa\u011fl\u0131k\/engel durumun olu\u015fursa, normal salonda s\u0131nava girmen m\u00fcmk\u00fcn olmayabilir. \u00c7\u00fcnk\u00fc, mazereti ne olursa olsun bir aday, \u00fczerinde ya da yan\u0131nda sarg\u0131, al\u00e7\u0131, atel, koltuk de\u011fne\u011fi, oturma simidi, ila\u00e7, ek g\u0131da vb.ile normal bir s\u0131nav salonuna al\u0131namaz. Bunlar ile ancak \u201cEngelli Salonu\u201dnda s\u0131nava girilebilir.<\/p>\n\n\n\n<p>Sevgili \u00f6\u011frencim, son anda olu\u015fan b\u00f6yle bir sa\u011fl\u0131k sorununa dair raporunu, s\u0131navdan \u00f6ncek son \u00e7ar\u015famba saat 17:00 a kadar \u201c<em>\u00d6SYM Engelli Adaylar Daire Ba\u015fkanl\u0131\u011f\u0131 (EADB) 06800 Bilkent\/ANKARA<\/em>\u201d adresine g\u00f6nderebilirsen, bu durumda seni &#8220;Engelli Salonlar\u0131nda&#8221; s\u0131nava alacaklard\u0131r.<\/p>\n\n\n\n<p>Sa\u011fl\u0131k \u00f6zr\u00fc, yukar\u0131da bahsetti\u011fim son \u00e7ar\u015fambadan sonra olu\u015fursa ne olacak. Asl\u0131na bakarsan bu konuda <a aria-label=\"undefined (opens in a new tab)\" href=\"https:\/\/dokuman.osym.gov.tr\/pdfdokuman\/2020\/YKS\/YksKilavuz14052020.pdf\" target=\"_blank\" rel=\"noreferrer noopener\">\u00d6SYM YKS Klavuzu<\/a>nda verilen bilgi \u00e7ok a\u00e7\u0131k de\u011fil fakat san\u0131yorum \u015f\u00f6yle demeye \u00e7al\u0131\u015fm\u0131\u015flar: B\u00f6yle bir durumda sen git yine raporunu al, s\u0131nav g\u00fcn\u00fc s\u0131nav sorumlusuna raporunu g\u00f6ster ve engelli salonunda s\u0131nav\u0131na gir. Ama s\u0131nav\u0131n hemen ard\u0131ndan da bu raporu \u201c<em>\u00d6SYM Engelli Adaylar Daire Ba\u015fkanl\u0131\u011f\u0131 (EADB) 06800 Bilkent\/ANKARA<\/em>\u201d adresine yolla. Onlar de\u011ferlendirsin, uygun g\u00f6r\u00fcrlerse s\u0131nav\u0131n ge\u00e7erli say\u0131l\u0131r.<\/p>\n\n\n\n<p>Sevgili \u00f6\u011frencim, \u015fimdi sa\u011fl\u0131k ya da engel durumuna g\u00f6re, adaylar\u0131n s\u0131nava girdikten sonra neler ya\u015fayaca\u011f\u0131n\u0131, yani s\u0131nav uygulamas\u0131n\u0131n nas\u0131l olaca\u011f\u0131n\u0131 anlatay\u0131m.<\/p>\n\n\n\n<h2 class=\"wp-block-heading\"><span id=\"Gorme_Engeli_Olan_Adaylara_Sinav_Uygulamasi\">G\u00f6rme Engeli Olan Adaylara S\u0131nav Uygulamas\u0131<\/span><\/h2>\n\n\n\n<p>E\u011fer g\u00f6rme engelli isen ve bir de okuyucu yard\u0131m\u0131 talep ettiysen:<\/p>\n\n\n\n<ul class=\"wp-block-list\"><li> Sana sorulacak sorular karma\u015f\u0131k c\u00fcmleler olmayacak, \u015fekilli, grafikli, tablolu, resimli sorular da sorulmayacak.<\/li><li>Ayr\u0131ca s\u0131nav salonunda senden ba\u015fka aday olmayacak ve yan\u0131na da bir yard\u0131mc\u0131 verilecek.<\/li><li>Sorular\u0131n ve s\u00fcrenin miktar\u0131na g\u00f6re sana belli bir miktarda ek s\u00fcre de verilecek.<\/li><li>Fakat soru kitap\u00e7\u0131\u011f\u0131n\u0131 kendin okuyamacaks\u0131n. E\u011fer, okuyucu yard\u0131m\u0131 ald\u0131\u011f\u0131n halde, soru kitap\u00e7\u0131\u011f\u0131n\u0131 okudu\u011fun tespit edilirse s\u0131nav\u0131n ge\u00e7ersin say\u0131lacak.<\/li><\/ul>\n\n\n\n<h3 class=\"wp-block-heading\"><span id=\"Gorme_Engeli_Olan_Adaylara_Ek_Sure_Sarti\">G\u00f6rme Engeli Olan Adaylara Ek S\u00fcre \u015eart\u0131<\/span><\/h3>\n\n\n\n<p>A\u015fa\u011f\u0131daki \u015fartlar\u0131 ta\u015f\u0131yan bir g\u00f6rme engelli isen, YKS s\u0131nav\u0131nda sana ek s\u00fcre verilecek:<\/p>\n\n\n\n<ul class=\"wp-block-list\"><li>Engelli Sa\u011fl\u0131k Kurulu Raporlar\u0131na g\u00f6re G\u00f6rme Sistemi, G\u00f6z Hastal\u0131klar\u0131, G\u00f6rme Bozuklu\u011fu&#8230; oran\u0131n % 25 ve \u00fczerinde ise<\/li><li>\u00c7ocuklar \u0130\u00e7in \u00d6zel Gereksinim Raporun (\u00c7\u00d6ZGER) varsa ve bu raporda, \u201c\u00d6zel gereksinimi vard\u0131r (\u00d6GV)\u201d yaz\u0131yorsa ve \u00d6zel Gereksinim Kodu \u201c1\u201d ve \u00fczerinde ise<\/li><\/ul>\n\n\n\n<h3 class=\"wp-block-heading\"><span id=\"Sinav_Kitapcigini_Kendin_Okuyabilecek_Durumda_Isen\">S\u0131nav Kitap\u00e7\u0131\u011f\u0131n\u0131 Kendin Okuyabilecek Durumda \u0130sen<\/span><\/h3>\n\n\n\n<p>Bunlar\u0131n d\u0131\u015f\u0131nda, g\u00f6rme engelli isen fakat s\u0131nav kitap\u00e7\u0131\u011f\u0131n\u0131 kendin okuyabilecek durumda isen, sana ek s\u00fcre verilmeyecektir. Fakat talep etmen durumunda yaz\u0131 b\u00fcy\u00fckl\u00fc\u011f\u00fc 14 punto olan bir soru kitap\u00e7\u0131\u011f\u0131 ve i\u015faretleyici yard\u0131m\u0131 alabileceksin. E\u011fer i\u015faretleyici yard\u0131m\u0131 istersen, seni tek ba\u015f\u0131na bir salonda s\u0131nava al\u0131rlar, istemezsen toplu bir salonda s\u0131nava girersin.<\/p>\n\n\n\n<h3 class=\"wp-block-heading\"><span id=\"Isaretleyici_Ne_Demektir\">\u0130\u015faretleyici Ne Demektir?<\/span><\/h3>\n\n\n\n<p>\u0130\u015faretleyici, senin ad\u0131na ve senin s\u00f6yledi\u011fin \u015fekilde cevaplar\u0131 i\u015faretleyen yard\u0131m\u0131c\u0131 demektir. E\u011fer s\u0131nav kitap\u00e7\u0131\u011f\u0131n\u0131 okuyabilecek durumda olan bir g\u00f6rme engelli isen, yan\u0131na bir i\u015faretleyici isteme hakk\u0131n var. Fakat, i\u015faretleyici istersen, kesinlikle sen i\u015faretleme yapmayacaks\u0131n ve kesinlikle i\u015faretleyici senin ad\u0131na sorular\u0131 okumayacak. Yoksa s\u0131nav\u0131n ge\u00e7ersiz say\u0131l\u0131r.<\/p>\n\n\n\n<h2 class=\"wp-block-heading\"><span id=\"Isitme_Engeli_Olan_Adaylara_Sinav_Uygulamasi\">\u0130\u015fitme Engeli Olan Adaylara S\u0131nav Uygulamas\u0131<\/span><\/h2>\n\n\n\n<p>Sevigili \u00f6\u011frencim, i\u015fitme engelli isen, \u00d6SYM raporunda \u015fu bilgileri g\u00f6rmek isteyecektir:<\/p>\n\n\n\n<ul class=\"wp-block-list\"><li>\u0130\u015fitme engelinin tipi (sens\u00f6rinoral, iletim veya mixt olarak)<\/li><li>Her bir kulak i\u00e7in ayr\u0131 ayr\u0131 i\u015fitme e\u015fikleri (dB olarak)<\/li><li>Konu\u015fma engellerinin olup olmad\u0131\u011f\u0131n\u0131n (ve varsa derecesinin) belirtilmesi<\/li><li>Rapora eklenmi\u015f olarak, i\u015fitme testinin imzal\u0131 ve onayl\u0131 bir \u00f6rne\u011fini<\/li><\/ul>\n\n\n\n<p>E\u011fer <em>i\u015fitme cihaz\u0131\/biyonik kulak (koklear implant)<\/em> kullan\u0131yorsan, bu durumu mutlaka sa\u011fl\u0131k raporunda belirtmelisin. Bu bilgi senin <em>S\u0131nava Giri\u015f Belgene<\/em> de yaz\u0131lacakt\u0131r. S\u0131nava giri\u015f belgende b\u00f6yle bir ibare oldu\u011fu i\u00e7in, senin s\u0131nava kulland\u0131\u011f\u0131n kulakl\u0131k ile girmene izin verilir ancak, s\u0131navdan \u00f6nce bir g\u00f6revli senden bu kulakl\u0131\u011f\u0131 al\u0131r ve s\u0131nav sonunda tekrar sana teslim eder.<\/p>\n\n\n\n<p>S\u0131nva Giri\u015f Belgende, <em>i\u015fitme cihaz\u0131\/biyonik kulak (koklear implant)<\/em> ibaresi varsa ve kulakl\u0131\u011f\u0131n\u0131 s\u0131navda \u00e7\u0131karmak istemiyorsan, bunu <em>Sa\u011fl\u0131k Durumu\/Engel Bilgi Formunda<\/em> ilgili alan\u0131 i\u015faretleyerek belirtebilirsin. B\u00f6yle yapt\u0131\u011f\u0131n taktirde, bulundu\u011fun ilin merkezinde ve \u00d6SYM taraf\u0131ndan haz\u0131rlanan her t\u00fcrl\u00fc kablolu-kablosuz ileti\u015fimi kesilmi\u015f s\u0131nav salonlar\u0131nda cihaz\u0131n ile s\u0131nava al\u0131n\u0131rs\u0131n.<\/p>\n\n\n\n<h3 class=\"wp-block-heading\"><span id=\"Isitme_Engeli_Olan_Adaylara_Ek_Sure_Sarti\">\u0130\u015fitme Engeli Olan Adaylara Ek S\u00fcre \u015eart\u0131<\/span><\/h3>\n\n\n\n<p>A\u015fa\u011f\u0131daki \u015fartlar\u0131 ta\u015f\u0131yan bir i\u015fitme engelli isen, YKS s\u0131nav\u0131nda sana ek s\u00fcre verilecek:<\/p>\n\n\n\n<ul class=\"wp-block-list\"><li>Engelli Sa\u011fl\u0131k Kurulu Raporu veya \u00c7\u00d6ZGER raporunu ve<\/li><li>\u0130\u015fitme engellilerden istenen di\u011fer belgeleri \u00d6SYM merkezine zaman\u0131nda ula\u015ft\u0131rmak<\/li><\/ul>\n\n\n\n<h2 class=\"wp-block-heading\"><span id=\"Bedensel_Engeli_Olan_Adaylara_Sinav_Uygulamasi\">Bedensel Engeli Olan Adaylara S\u0131nav Uygulamas\u0131<\/span><\/h2>\n\n\n\n<p>Sevgili \u00f6\u011frencim, bedensel bir engelin varsa ve cevaplar\u0131 kendi ba\u015f\u0131na i\u015faretleyemecek durumda isen i\u015faretleyici yard\u0131m\u0131 alabilirsin. Bunun yan\u0131nda, bedensel engelin sorular\u0131 okumana da mani oluyorsa okuyucu yard\u0131m\u0131 da alabilirsin. Bu yard\u0131mlar\u0131 alabilmen i\u00e7in sa\u011fl\u0131k raporunda, v\u00fccut hareketlerine h\u00e2kim olamad\u0131\u011f\u0131 belirtilen CP (Serebral palsi vb.) hastas\u0131 oldu\u011funun belirtilmesi gerekir.<\/p>\n\n\n\n<h2 class=\"wp-block-heading\"><span id=\"Diger_Engeli_Olan_Adaylara_Sinav_Uygulamasi\">Di\u011fer Engeli Olan Adaylara S\u0131nav Uygulamas\u0131<\/span><\/h2>\n\n\n\n<p>Sevgili \u00f6\u011frencim, <em>Sa\u011fl\u0131k Durumu\/Engel Bilgi Formu<\/em>nda a\u015fa\u011f\u0131daki engel durumlar\u0131ndan herhangi birini i\u015faretlediysen sen, &#8220;<em>Di\u011fer Engeli Olan Aday<\/em>&#8221; grubunda oluyorsun:<\/p>\n\n\n\n<ul class=\"wp-block-list\"><li>S\u00fcre\u011fen Hastal\u0131k (Kronik)<\/li><li>Dil ve Konu\u015fma Bozuklu\u011fu<\/li><li>Zihinsel (MR)<\/li><li>S\u0131n\u0131flanamayan<\/li><\/ul>\n\n\n\n<h3 class=\"wp-block-heading\"><span id=\"Okuyucu_ve_Isaretleyici_Yardimi\">Okuyucu ve \u0130\u015faretleyici Yard\u0131m\u0131<\/span><\/h3>\n\n\n\n<p>&#8220;<em>Di\u011fer Engeli Olan Aday<\/em>&#8221; grubunda isen ve a\u015fa\u011f\u0131daki \u015fartlar\u0131 ta\u015f\u0131yorsan, okuyucu da isteyebilirsin, i\u015faretleyici de isteyebilirsin, dilersen her ikisini birden de isteyebilirsin:<\/p>\n\n\n\n<ul class=\"wp-block-list\"><li><em>Zihinsel MR (mental retardasyon)<\/em> ile<\/li><li><em>S\u0131n\u0131flanamayan<\/em> grupta yer alan yayg\u0131n geli\u015fimsel bozukluk (otizm spektrum bozukluklar\u0131 (OSB), asperger sendromu, RETT sendromu, dezintegratif bozukluk vb.), \u00f6zg\u00fcl\/\u00f6zel \u00f6\u011frenme g\u00fc\u00e7l\u00fc\u011f\u00fc (disleksi, dikkat eksikli\u011fi, hiperaktivite vb.)<\/li><\/ul>\n\n\n\n<p>Yukar\u0131daki \u015fartlardan birini ta\u015f\u0131yorsan ve okuyucu istediysen, s\u0131nav esnas\u0131nda diledi\u011fin sorular\u0131 senin okumana da izin verilir. Yani b\u00fct\u00fcn sorular\u0131 okuyucudan dinlemeye mecbur de\u011filsin.<\/p>\n\n\n\n<h3 class=\"wp-block-heading\"><span id=\"Soru_ve_Salon_Durumu\">Soru ve Salon Durumu<\/span><\/h3>\n\n\n\n<p>&#8220;<em>Di\u011fer Engeli Olan Aday<\/em>&#8221; gurubunda isen, YKS s\u0131nav\u0131ndaki b\u00fct\u00fcn sorulardan sorumlu tutulacaks\u0131n.<\/p>\n\n\n\n<p>Okuyucu ve i\u015faretleyici yard\u0131m\u0131 talep etmesen de dilersen seni tekli bir salonda s\u0131nava al\u0131rlar. Yani tek ba\u015f\u0131na bir s\u0131n\u0131fta s\u0131nava girebilirsin. Bu tamemen senin tercihine ba\u011fl\u0131d\u0131r.<\/p>\n\n\n\n<h3 class=\"wp-block-heading\"><span id=\"Ruhsal_ve_Duygusal_Sorunu_Olanlar\">Ruhsal ve Duygusal Sorunu Olanlar<\/span><\/h3>\n\n\n\n<p>E\u011fer sa\u011fl\u0131k sorunun ruhsal ve duygusal (panikatak, depresyon, \u015fizofreni, atipik psikoz gibi) ise, sen de diledi\u011fin taktirde i\u015faretleyici yard\u0131m\u0131 alabilirsin. \u0130\u015faretleyici yard\u0131m\u0131 talep etmesen de istedi\u011fin takdirde tekli salonda s\u0131nava al\u0131n\u0131rs\u0131n.<\/p>\n\n\n\n<h3 class=\"wp-block-heading\"><span id=\"Yaninda_IlacIgne_ile_YKS_Sinavina_Girme\">Yan\u0131nda \u0130la\u00e7\/\u0130\u011fne ile YKS S\u0131nav\u0131na Girme<\/span><\/h3>\n\n\n\n<p>\u00d6SYM \u015fu durumlara izin vermektedir:<\/p>\n\n\n\n<ul class=\"wp-block-list\"><li>Diyabet (\u015feker) hastas\u0131 isen, ins\u00fclin pompas\u0131, \u015feker \u00f6l\u00e7\u00fcm cihaz\u0131, ek g\u0131da vb. ile engelli s\u0131nav salonlar\u0131na al\u0131nmana izin verilir.<\/li><li>S\u00fcrekli sa\u011fl\u0131k sorunu nedeniyle ila\u00e7 kullan\u0131yorsan, yan\u0131nda ila\u00e7 getirmesine izin verilir.<\/li><\/ul>\n\n\n\n<p>E\u011fer s\u00fcrekli sa\u011fl\u0131k sorunu nedeniyle ila\u00e7 vb. kullanmak zorunda isen ve bu ilac\u0131 da s\u0131nav esnas\u0131nda yan\u0131nda bulundurmak istiyorsan, bu durumu, \u00d6SYM&#8217;ye g\u00f6nderdi\u011fin dilek\u00e7ende belirtmen gerekmektedir. \u00d6SYM bu talebi de\u011ferlendirecektir.<\/p>\n\n\n\n<h2 class=\"wp-block-heading\"><span id=\"Gecici_Engeli_Olan_Adaylara_Sinav_Uygulamasi\">Ge\u00e7ici Engeli Olan Adaylara S\u0131nav Uygulamas\u0131<\/span><\/h2>\n\n\n\n<p>Sevigli \u00f6\u011frencim, ge\u00e7ici bir sa\u011fl\u0131k sorunun var ise veya hamilelik gibi \u00f6zel bir durumun varsa, sen &#8220;<em>Ge\u00e7ici Engeli Olan Aday<\/em>&#8221; grubundas\u0131n demektir.<\/p>\n\n\n\n<p>Ge\u00e7ici engeli olan aday grubunda isen \u00d6SYM; ila\u00e7, ek g\u0131da, tuvalet gibi ihtiya\u00e7lar\u0131n\u0131n kar\u015f\u0131lanmas\u0131na ve \u00fczerlerinde\/yan\u0131nda sarg\u0131, al\u00e7\u0131, atel, koltuk de\u011fne\u011fi, oturma simidi gibi tedavi uygulamalar\u0131 ile s\u0131nava al\u0131nmana izin verir. Ayr\u0131ca sana normal s\u0131nav s\u00fcresi uygulan\u0131r ve talep edersen i\u015faretleyici yard\u0131m\u0131 alabilirsin.<\/p>\n\n\n\n<p>Ge\u00e7ici engelli isen ve raporun biti\u015f tarihi gelmeden \u00f6nce raporda belirtilen sa\u011fl\u0131k durumun de\u011fi\u015ftiyse, bu durumu dilek\u00e7e ile \u00d6SYM\u2019ye bildirmen gerekir. \u00d6SYM, gerekirse raporunu yenilemeni isteyebilir.<\/p>\n\n\n\n<p><strong>UYARI:<\/strong> S\u0131navda i\u015faretleyici (kodlama g\u00f6revlisi) yard\u0131m\u0131 alan adaylar\u0131n, cevaplar\u0131n\u0131 kendilerinin i\u015faretlemesine yani kodlamas\u0131na izin verilmez. Hem i\u015faretleyici al\u0131p hem de kendin i\u015faretlersen ve bu durum tespit edilirse s\u0131nav\u0131n ge\u00e7ersin say\u0131l\u0131r.<\/p>\n\n\n\n<p><strong>UYARI:<\/strong> \u0130\u015faretleyici yard\u0131m\u0131 al\u0131p, i\u015faretleyici g\u00f6revliye soru okutan adaylar\u0131n bu durumu tespit edilirse s\u0131navlar\u0131 ge\u00e7ersiz say\u0131l\u0131r.<\/p>\n\n\n\n<h2 class=\"wp-block-heading\"><span id=\"Saglik_Durumu_Engel_Bilgi_Formunun_Doldurulmasi\">Sa\u011fl\u0131k Durumu Engel \/ Bilgi Formunun Doldurulmas\u0131<\/span><\/h2>\n\n\n\n<p>Sevgili \u00f6\u011frencim, ben ba\u015fl\u0131kta ad\u0131n\u0131 verdi\u011fim bu forma k\u0131saca &#8220;<em>Sa\u011fl\u0131k Engel Bilgi Formu<\/em>&#8221; diyece\u011fim. Sa\u011fl\u0131k Engel Bilgi Formunu doldururken \u015fu hususlara dikkat etmen gerekecek:<\/p>\n\n\n\n<h3 class=\"wp-block-heading\"><span id=\"Aday_Bilgileri_Bolumu\">Aday Bilgileri B\u00f6l\u00fcm\u00fc<\/span><\/h3>\n\n\n\n<div class=\"wp-block-image\"><figure class=\"aligncenter size-large\"><img loading=\"lazy\" decoding=\"async\" width=\"385\" height=\"155\" src=\"https:\/\/sitecenneti.com\/kimya\/wp-content\/uploads\/sites\/16\/2020\/07\/YKS-Engel-Sa\u011fl\u0131k-Durumu-Formu-Aday-Bilgileri.png\" alt=\"\" class=\"wp-image-235\" srcset=\"https:\/\/sitecenneti.com\/kimya\/wp-content\/uploads\/sites\/16\/2020\/07\/YKS-Engel-Sa\u011fl\u0131k-Durumu-Formu-Aday-Bilgileri.png 385w, https:\/\/sitecenneti.com\/kimya\/wp-content\/uploads\/sites\/16\/2020\/07\/YKS-Engel-Sa\u011fl\u0131k-Durumu-Formu-Aday-Bilgileri-300x121.png 300w\" sizes=\"auto, (max-width: 385px) 100vw, 385px\" \/><figcaption>YKS Ba\u015fvurusu &#8211; Sa\u011fl\u0131k Engel Bilgi Formu &#8211; Aday Bilgileri<br><\/figcaption><\/figure><\/div>\n\n\n\n<p>Formun aday bilgileri b\u00f6l\u00fcm\u00fcnde seni zorlayacak bir alan yok. \u00d6nce, yabanc\u0131 uyruklu isen YU numaran\u0131 de\u011filsen TC Kimlik Numaran\u0131 yazacaks\u0131n, devam\u0131nda da ad\u0131n\u0131 soyad\u0131n\u0131 yazacaks\u0131n.<\/p>\n\n\n\n<h3 class=\"wp-block-heading\"><span id=\"Engel_Durumuna_Iliskin_Bilgiler_Bolumu\">Engel Durumuna \u0130li\u015fkin Bilgiler B\u00f6l\u00fcm\u00fc<\/span><\/h3>\n\n\n\n<div class=\"wp-block-image\"><figure class=\"aligncenter size-large\"><img loading=\"lazy\" decoding=\"async\" width=\"896\" height=\"378\" src=\"https:\/\/sitecenneti.com\/kimya\/wp-content\/uploads\/sites\/16\/2020\/07\/YKS-Ba\u015fvurusu-Sa\u011fl\u0131k-Engel-Formu-Engel-Durumu.png\" alt=\"\" class=\"wp-image-236\" srcset=\"https:\/\/sitecenneti.com\/kimya\/wp-content\/uploads\/sites\/16\/2020\/07\/YKS-Ba\u015fvurusu-Sa\u011fl\u0131k-Engel-Formu-Engel-Durumu.png 896w, https:\/\/sitecenneti.com\/kimya\/wp-content\/uploads\/sites\/16\/2020\/07\/YKS-Ba\u015fvurusu-Sa\u011fl\u0131k-Engel-Formu-Engel-Durumu-300x127.png 300w, https:\/\/sitecenneti.com\/kimya\/wp-content\/uploads\/sites\/16\/2020\/07\/YKS-Ba\u015fvurusu-Sa\u011fl\u0131k-Engel-Formu-Engel-Durumu-768x324.png 768w\" sizes=\"auto, (max-width: 896px) 100vw, 896px\" \/><figcaption>YKS S\u0131nav Ba\u015fvurusu &#8211; Sa\u011fl\u0131k Engel Durumu Formu<\/figcaption><\/figure><\/div>\n\n\n\n<p>Formun bu b\u00f6l\u00fcm\u00fcnde, engel durumunu belirtmen gerekiyor. Hangi engel grubuna dahil oldu\u011funa karar vermek i\u00e7in okumaya devam et.<\/p>\n\n\n\n<h4 class=\"wp-block-heading\"><span id=\"Surekli_Engel_Grubu\">S\u00fcrekli Engel Grubu<\/span><\/h4>\n\n\n\n<p>Sevgili \u00f6\u011frencim, senin s\u00fcrekli engel gurubunda olman i\u00e7in a\u015fa\u011f\u0131da s\u0131ralad\u0131\u011f\u0131m engellerinden birine sahip olman gerekir.<\/p>\n\n\n\n<ul class=\"wp-block-list\"><li>G\u00f6rme<\/li><li>\u0130\u015fitme<\/li><li>Bedensel engel<\/li><li>Zihinsel engel<\/li><li>Dil ve konu\u015fma bozuklu\u011fu<\/li><li>Diyabet, ast\u0131m gibi s\u00fcre\u011fen\/kronik engel<\/li><li>Yayg\u0131n geli\u015fimsel bozukluk, \u00f6zg\u00fcl\/\u00f6zel \u00f6\u011frenme g\u00fc\u00e7l\u00fc\u011f\u00fc, ruhsal ve duygusal bozukluk gibi s\u0131n\u0131fland\u0131r\u0131lamayan engel<\/li><\/ul>\n\n\n\n<p>E\u011fer yukar\u0131da listelenen engel gruplar\u0131ndan birinde isen, sahip oldu\u011fun engeli i\u015faretleyeceksin ve kar\u015f\u0131s\u0131na <em>Engelli Sa\u011fl\u0131k Kurulu Raporu\/Sa\u011fl\u0131k Kurulu Raporunda<\/em> belirtilen y\u00fczdelik oran\u0131 yazacaks\u0131n. Raporunda y\u00fczdelik oran yoksa bu alan\u0131 bo\u015f b\u0131rakacaks\u0131n.<\/p>\n\n\n\n<p>Buradaki <em>Tam V\u00fccut Engel Oran\u0131<\/em>, s\u00fcrekli bir engelin varsa \u201cEngelli Sa\u011fl\u0131k Kurulu Rapor\u201dunda belirtilen toplam y\u00fczde orand\u0131r.<\/p>\n\n\n\n<h4 class=\"wp-block-heading\"><span id=\"Gecici_Bir_Engelin_Varsa\">Ge\u00e7ici Bir Engelin Varsa<\/span><\/h4>\n\n\n\n<p>Sevgili \u00f6\u011frencim; kaza, hastal\u0131k, tedavi, hamilelik gibi bir nedenden \u00f6t\u00fcr\u00fc ge\u00e7ici bir engele ya da \u00f6zel gereksinime ihtiyac\u0131n varsa veya bir yard\u0131mc\u0131ya ihtiyac\u0131n olmasa da sa\u011fl\u0131k sorunun nedeniyle \u00fczerinde\/yan\u0131nda al\u00e7\u0131, sarg\u0131, atel, oturma simidi, splint, ek g\u0131da, ila\u00e7 gibi gereksinimlerini bulundurmak zorunda isen, bu b\u00f6l\u00fcm\u00fc durumuna uygun olarak dolduracaks\u0131n. Sana uygun olan anal\u0131 i\u015faretledikten sonra da <em>Engelli Sa\u011fl\u0131k Kurulu Raporu\/Sa\u011fl\u0131k Kurulu Raporunda<\/em> belirtilen \u201cRapor Biti\u015f Tarihi\u201dni ilgili alana yazacaks\u0131n. Yaln\u0131z &#8220;Rapor Biti\u015f Tarihi&#8221; en fazla 1 y\u0131l sonras\u0131 olarak yaz\u0131labilir, daha ileri bir tarih yazmamaya dikkat et.<\/p>\n\n\n\n<p>Rapor biti\u015f tarihinden sonra ge\u00e7ici engeli olan adaylar\u0131n engel bilgisi sistemden silinir. Rapor biti\u015f tarihinden \u00f6nce raporda belirtilen engel durumun de\u011fi\u015firse, bu durumu dilek\u00e7e ile \u00d6SYM Merkezine bildirmen gerekmektedir.<\/p>\n\n\n\n<h4 class=\"wp-block-heading\"><span id=\"Ozel_Durumlar\">\u00d6zel Durumlar<\/span><\/h4>\n\n\n\n<p>Engel gurubun &#8220;S\u00fcrekli Engel Grubu&#8221; olsa da &#8220;\u00d6zel Durumlar&#8221; alan\u0131nda sana uygun olan se\u00e7enek varsa i\u015faretlemen gerekir. Bu alan ile ilgili <a href=\"https:\/\/dokuman.osym.gov.tr\/pdfdokuman\/2020\/YKS\/YksKilavuz14052020.pdf\" target=\"_blank\" aria-label=\"undefined (opens in a new tab)\" rel=\"noreferrer noopener\">\u00d6SYM S\u0131nav Klavuzundaki<\/a> a\u00e7\u0131klama aynen \u015f\u00f6yledir:<\/p>\n\n\n\n<blockquote class=\"wp-block-quote has-text-align-left is-layout-flow wp-block-quote-is-layout-flow\"><p>\u00d6rne\u011fin; S\u00fcrekli Engel Grubunda \u201cS\u0131n\u0131flanamayan\u201d alan\u0131nda i\u015faretleme yapan adaylardan varsa Yayg\u0131n Geli\u015fimsel Bozukluk, \u00d6zg\u00fcl\/\u00d6zel \u00d6\u011frenme G\u00fc\u00e7l\u00fc\u011f\u00fc veya Ruhsal ve Duygusal olanlar\u0131n durumlar\u0131na uygun se\u00e7ene\u011fi \u201c\u00d6zel Durumlar\u201d alan\u0131nda da i\u015faretlemeleri gerekmektedir. S\u00fcrekli Engel Grubunda \u201cBedensel (Ortopedik)\u201d alan\u0131nda i\u015faretleme yapan adaylardan CP Hastas\u0131 olanlar \u201c\u00d6zel Durumlar\u201d alan\u0131nda \u201cCP Hastas\u0131\u201d se\u00e7ene\u011fini; \u201c\u0130\u015fitme\u201d alan\u0131nda i\u015faretleme yapan adaylardan \u0130lk\u00f6\u011fretime Ba\u015flama Ya\u015f\u0131 \u00d6ncesi \u0130\u015fitme Engeli Edinmi\u015f olanlar \u201c\u00d6zel Durumlar\u201d alan\u0131nda \u201c\u0130lk\u00f6\u011fretime Ba\u015flama Ya\u015f\u0131 \u00d6ncesi \u0130\u015fitme Engeli Edinmi\u015f\u201d se\u00e7ene\u011fini; Engelli Sa\u011fl\u0131k Kurulu Raporlar\u0131nda G\u00f6rme Sistemi, G\u00f6z Hastal\u0131klar\u0131, G\u00f6rme Bozuklu\u011fu vb. oran\u0131 % 25 ve \u00fczerinde olan adaylar ile \u00c7ocuklar \u0130\u00e7in \u00d6zel Gereksinim Raporunda (\u00c7\u00d6ZGER) \u00f6zel gereksinim d\u00fczeyi \u201c\u00d6zel gereksinimi vard\u0131r (\u00d6GV)\u201d\/\u00d6zel Gereksinim Kodu \u201c1\u201d ve \u00fczeri olan adaylardan sorular\u0131 kendisi okuyabilecek durumda olanlar (s\u0131navda okuyucu yard\u0131m\u0131 talep etmeyen), \u201c\u00d6zel Durumlar\u201d alan\u0131nda \u201cG\u00f6rme Sistemi, G\u00f6z Hastal\u0131klar\u0131, G\u00f6rme Bozuklu\u011fu vb. oran\u0131 % 25 ve \u00fczeri\u201d se\u00e7ene\u011fini i\u015faretleyeceklerdir.<\/p><cite><a href=\"https:\/\/dokuman.osym.gov.tr\/pdfdokuman\/2020\/YKS\/YksKilavuz14052020.pdf\">\u00d6SYM YKS Klavuzu 2020<\/a><\/cite><\/blockquote>\n\n\n\n<h3 class=\"wp-block-heading\"><span id=\"Sinav_Ugulamasina_Iliskin_Bilgiler_Bolumu\">S\u0131nav Ugulamas\u0131na \u0130li\u015fkin Bilgiler B\u00f6l\u00fcm\u00fc<\/span><\/h3>\n\n\n\n<div class=\"wp-block-image\"><figure class=\"aligncenter size-large\"><img loading=\"lazy\" decoding=\"async\" width=\"898\" height=\"297\" src=\"https:\/\/sitecenneti.com\/kimya\/wp-content\/uploads\/sites\/16\/2020\/07\/YKS-Ba\u015fvurusu-Sa\u011fl\u0131k-Engel-Formu-S\u0131nav-Uygulamas\u0131.png\" alt=\"\" class=\"wp-image-245\" srcset=\"https:\/\/sitecenneti.com\/kimya\/wp-content\/uploads\/sites\/16\/2020\/07\/YKS-Ba\u015fvurusu-Sa\u011fl\u0131k-Engel-Formu-S\u0131nav-Uygulamas\u0131.png 898w, https:\/\/sitecenneti.com\/kimya\/wp-content\/uploads\/sites\/16\/2020\/07\/YKS-Ba\u015fvurusu-Sa\u011fl\u0131k-Engel-Formu-S\u0131nav-Uygulamas\u0131-300x99.png 300w, https:\/\/sitecenneti.com\/kimya\/wp-content\/uploads\/sites\/16\/2020\/07\/YKS-Ba\u015fvurusu-Sa\u011fl\u0131k-Engel-Formu-S\u0131nav-Uygulamas\u0131-768x254.png 768w\" sizes=\"auto, (max-width: 898px) 100vw, 898px\" \/><figcaption>YKS S\u0131nav Ba\u015fvurusu &#8211; S\u0131nav Uygulamas\u0131na \u0130li\u015fkin Bilgiler<\/figcaption><\/figure><\/div>\n\n\n\n<p>Sevgili \u00f6\u011frencim, bu b\u00f6l\u00fcmde durumuna uygun olan se\u00e7enekleri i\u015faretlemen gerekmektedir. \u00d6rne\u011fin, g\u00f6rme sorunun yoksa 14 punto soru kitap\u00e7\u0131\u011f\u0131 (normali 9 puntodur) istemen do\u011fru olmaz, istesen de kabul edilmez.<\/p>\n\n\n\n<h4 class=\"wp-block-heading\"><span id=\"Soru_Kitapcigi_Okuma_Durumu\">Soru Kitap\u00e7\u0131\u011f\u0131 Okuma Durumu<\/span><\/h4>\n\n\n\n<p>G\u00f6rme engelli isen, bu b\u00f6l\u00fcmde 14 punto se\u00e7ene\u011fi i\u015faretleyerek, daha okunakl\u0131 bir kitap\u00e7\u0131k isteyebilirsin. Herhangi bir i\u015faretleme yapmazsan, normal bir kitap\u00e7\u0131kla s\u0131nav olursun.<\/p>\n\n\n\n<p>&#8220;Okuyucu \u0130stiyor&#8221; alan\u0131n\u0131 i\u015faretlersen, engel durumuna uygun ise sana s\u0131navda bir okuyucu verilir.<\/p>\n\n\n\n<h4 class=\"wp-block-heading\"><span id=\"Cevap_Kagidi_Isaretleme_Durumu\">Cevap Ka\u011f\u0131d\u0131 \u0130\u015faretleme Durumu<\/span><\/h4>\n\n\n\n<p>Sevgili \u00f6\u011frencim, soru kitap\u00e7\u0131klar\u0131nda 14 puto se\u00e7ene\u011fi varken, cevap ka\u011f\u0131tlar\u0131nda b\u00f6yle bir se\u00e7enek yoktur. B\u00fct\u00fcn cevap ka\u011f\u0131tlar\u0131 9 punto b\u00fcy\u00fckl\u00fc\u011f\u00fcndedir. Bu durumu dikkate alarak, cevap ka\u011f\u0131d\u0131n\u0131 i\u015faretleyemeyecek durumda isen &#8220;Cevap Ka\u011f\u0131d\u0131 \u0130\u015faretlemesi Yapamaz&#8221; se\u00e7ene\u011fini i\u015faretlemen gerekir. E\u011fer bu se\u00e7ene\u011fi i\u015faretlersen, sana bir i\u015faretleyici verilir ve s\u0131navda senin cevap ka\u011f\u0131d\u0131n\u0131 i\u015faretlmene izin verilmez. \u0130\u015faretleme (kodlama) yap\u0131t\u0131\u011f\u0131n tespit edilirse s\u0131nav\u0131n ge\u00e7ersiz say\u0131l\u0131r.<\/p>\n\n\n\n<p>\u0130\u015faretleyicilerin sana sorular\u0131 okumas\u0131 yasakt\u0131r.<\/p>\n\n\n\n<p>\u0130\u015faretleyici istediysen, cevap ka\u011f\u0131d\u0131n ve soru kitap\u00e7\u0131\u011f\u0131n\u0131n kapa\u011f\u0131ndaki gerekli alanlar, salon g\u00f6revlileri taraf\u0131ndan doldurulur.<\/p>\n\n\n\n<h4 class=\"wp-block-heading\"><span id=\"Sinav_Salon_Tercihi\">S\u0131nav Salon Tercihi<\/span><\/h4>\n\n\n\n<p>S\u0131nav uygulamas\u0131 ile ilgli bir di\u011fer b\u00f6l\u00fcm de s\u0131nav salon tercihi b\u00f6l\u00fcm\u00fcd\u00fcr. Bu b\u00f6l\u00fcmde senden, salonda tek ba\u015f\u0131na m\u0131 olmak istiyorsun yoksa s\u0131nava toplu bir salonda m\u0131 girmek istiyorsun, bunun karar\u0131n\u0131 vermen istenir.<\/p>\n\n\n\n<p>Engel Durumuna \u0130li\u015fkin Bilgiler b\u00f6l\u00fcm\u00fcnde (yukar\u0131da g\u00f6rebilirsin), \u00d6zel Durumlar k\u0131sm\u0131nda bulunmayan bir \u00f6z\u00fcrden dolay\u0131, salonda tek ba\u015f\u0131na olmak istersen, bu durumu \u00d6SYM&#8217;ye g\u00f6nderdi\u011fin dilek\u00e7ede belirtmen gerekir.<\/p>\n\n\n\n<p>Bunun d\u0131\u015fd\u0131nda, okuyucu veya i\u015faretleyici isteyen engelli adaylar\u0131n atamalar\u0131 tekli salonlara yap\u0131lmaktad\u0131r.<\/p>\n\n\n\n<h4 class=\"wp-block-heading\"><span id=\"Sinav_Salonuna_Erisim_Durumu\">S\u0131nav Salonuna Eri\u015fim Durumu<\/span><\/h4>\n\n\n\n<p>Bu b\u00f6l\u00fcmde, merdiven \u00e7\u0131kmak ile ilgili bir sorunun varsa bunu belirtmen gerekiyor. Merdiven \u00e7\u0131kamaycak durumda isen, \u00d6SYM seni merdivensiz ula\u015fabilece\u011fin bir salona atayacakt\u0131r.<\/p>\n\n\n\n<h3 class=\"wp-block-heading\"><span id=\"Sinava_Getirilebilecek_Arac_ve_Gerecler_Bolumu\">S\u0131nava Getirilebilecek Ara\u00e7 ve Gere\u00e7ler B\u00f6l\u00fcm\u00fc<\/span><\/h3>\n\n\n\n<p>Bu b\u00f6l\u00fcmde verdi\u011fin bilgiler, senin atanaca\u011f\u0131n salonu etkileyecektir. \u0130htiyac\u0131n olan gere\u00e7leri kullanabilece\u011fin salonlara atanman\u0131 sa\u011flayacakt\u0131r. E\u011fer, bu b\u00f6l\u00fcmde yer almayan bir gere\u00e7le s\u0131nava girmen gerekiyorsa, bunu dilek\u00e7ende belirtmen gerekir.<\/p>\n\n\n\n<div class=\"wp-block-image\"><figure class=\"aligncenter size-large\"><img loading=\"lazy\" decoding=\"async\" width=\"900\" height=\"430\" src=\"https:\/\/sitecenneti.com\/kimya\/wp-content\/uploads\/sites\/16\/2020\/07\/YKS-Ba\u015fvurusu-Sa\u011fl\u0131k-Engel-Formu-S\u0131nava-Getirilecek-Ara\u00e7-Gere\u00e7ler.jpg\" alt=\"\" class=\"wp-image-248\" srcset=\"https:\/\/sitecenneti.com\/kimya\/wp-content\/uploads\/sites\/16\/2020\/07\/YKS-Ba\u015fvurusu-Sa\u011fl\u0131k-Engel-Formu-S\u0131nava-Getirilecek-Ara\u00e7-Gere\u00e7ler.jpg 900w, https:\/\/sitecenneti.com\/kimya\/wp-content\/uploads\/sites\/16\/2020\/07\/YKS-Ba\u015fvurusu-Sa\u011fl\u0131k-Engel-Formu-S\u0131nava-Getirilecek-Ara\u00e7-Gere\u00e7ler-300x143.jpg 300w, https:\/\/sitecenneti.com\/kimya\/wp-content\/uploads\/sites\/16\/2020\/07\/YKS-Ba\u015fvurusu-Sa\u011fl\u0131k-Engel-Formu-S\u0131nava-Getirilecek-Ara\u00e7-Gere\u00e7ler-768x367.jpg 768w\" sizes=\"auto, (max-width: 900px) 100vw, 900px\" \/><figcaption>YKS S\u0131nav Ba\u015fvurusu &#8211; S\u0131nava Getirilebilecek Ara\u00e7 Gere\u00e7ler<\/figcaption><\/figure><\/div>\n\n\n\n<p>\u00d6SYM, senin s\u0131nav konforunu d\u00fc\u015f\u00fcnmektedir. Bunun i\u00e7in, s\u0131nav s\u00fcresince ayr\u0131 kald\u0131\u011f\u0131nda, performas\u0131n\u0131 ya da sa\u011fl\u0131\u011f\u0131n\u0131 olumsuz etkileyecek her t\u00fcrl\u00fc gere\u00e7 ile s\u0131nava girmeni m\u00fcmk\u00fcn hale getirmek istemektedir.<\/p>\n\n\n\n<p>Yukar\u0131da sana sunulan b\u00f6l\u00fcmde, s\u0131nava girmek zorunda oldu\u011fun gereci belirteceksin.<\/p>\n\n\n\n<p>Belirtti\u011fin s\u0131nav gereci, s\u0131nav g\u00fcvenli\u011fini zedeleyebilecek nitelikte ise, her ilin merkezinde, \u00d6SYM taraf\u0131ndan haz\u0131rlanacak her t\u00fcrl\u00fc kablolu-kablosuz ileti\u015fimi kesilmi\u015f s\u0131nav salonlar\u0131nda s\u0131nava al\u0131nacaks\u0131n. Bu y\u00fczden, b\u00f6yle bir gere\u00e7 ile s\u0131nava girmen gerekiyorsan, s\u0131nav merkezi tercihin, gidebilece\u011fin bir il merkezi olmal\u0131d\u0131r. \u0130leti\u015fimi kesilmi\u015f s\u0131nav salonlar\u0131nda kamera ile izleme sistemleri de vard\u0131r.<\/p>\n\n\n\n<p>Senin talep etti\u011fin gere\u00e7 ve \u00d6SYM taraf\u0131ndan yap\u0131lan de\u011ferlendirme sonucu, a\u015fa\u011f\u0131daki maddeler uygulanacakt\u0131r:<\/p>\n\n\n\n<blockquote class=\"wp-block-quote is-layout-flow wp-block-quote-is-layout-flow\"><p>1-Elektronik b\u00fcy\u00fcte\u00e7 \/ atel \/oksijen t\u00fcp\u00fc \/masa lambas\u0131 \/ koyu renk caml\u0131 g\u00f6zl\u00fck \/ kullanacak olan adaylar,ilmerkezinde\u00d6SYM taraf\u0131ndan haz\u0131rlanacak her t\u00fcrl\u00fc kablolu-kablosuz ileti\u015fimi kesilmi\u015f s\u0131nav salonlar\u0131nda s\u0131nava al\u0131nacaklard\u0131r.<\/p><p>2-Kalp pili \/ k\u00e2\u011f\u0131t torba kullanan adaylar, tercih ettikleri s\u0131nav merkezinde engelli salonlar\u0131nda s\u0131nava al\u0131nacaklard\u0131r.<\/p><p>3-\u0130ns\u00fclin i\u011fnesi, kalemi, \u015feker \u00f6l\u00e7\u00fcm sens\u00f6r\u00fc,enjekt\u00f6r, \u015f\u0131r\u0131nga, \u015feker \u00f6l\u00e7\u00fcm cihaz\u0131 kullanan adaylar, Bina S\u0131nav Sorumlusu Yard\u0131mc\u0131s\u0131 taraf\u0131ndan bu ara\u00e7 gere\u00e7 ve cihazlar\u0131kontrol edilerek engelli salonlar\u0131ndas\u0131nava al\u0131nacaklard\u0131r. Bu ara\u00e7 gere\u00e7 ve cihazlar, ihtiya\u00e7 durumunda kullan\u0131lmak \u00fczere s\u0131nav s\u00fcresince Salon Ba\u015fkan\u0131n\u0131n masas\u0131n\u0131n \u00fczerinde olacakt\u0131r. Bu durumdakiadaylar, kendi tercih etmi\u015f olduklar\u0131 s\u0131nav merkezinde s\u0131nava al\u0131nacaklard\u0131r.Bu ara\u00e7 gere\u00e7 ve cihazlar\u0131n s\u0131nav s\u00fcresince yanlar\u0131nda bulundurmak isteyen adaylar, il merkezinde \u00d6SYM taraf\u0131ndan haz\u0131rlanacak her t\u00fcrl\u00fc kablolu-kablosuz ileti\u015fimi kesilmi\u015f s\u0131nav salonlar\u0131nda s\u0131nava al\u0131nacaklard\u0131r.<\/p><p>4-S\u0131nav esnas\u0131nda yanlar\u0131nda meyve suyu ve\/veya ek g\u0131da (paketli) bulundurma zorunlulu\u011fu olan adaylar, g\u0131da paketleri, Bina S\u0131nav Sorumlusu Yard\u0131mc\u0131s\u0131 taraf\u0131ndan kontrol edildikten sonra kendi tercih ettikleri s\u0131nav merkezinde engelli salonlar\u0131nda s\u0131nava al\u0131nacaklar ve s\u0131navda kendi s\u0131ralar\u0131 \u00fczerinde bulundurabileceklerdir.<\/p><p>5-\u0130ns\u00fclin Pompas\u0131 kullanan adaylar, bu aparat\u0131 giysilerin alt\u0131nda bulundurmak \u015fart\u0131 ile kendi tercih etmi\u015f olduklar\u0131 s\u0131nav merkezinde engelli salonlar\u0131nda s\u0131nava al\u0131nacaklard\u0131r.<\/p><p>6-\u0130ns\u00fclin Pompas\u0131 kullan\u0131p, ayn\u0131 zamanda ba\u015fka rahats\u0131zl\u0131\u011f\u0131 nedeni ile (g\u00f6rme vb.) okuyucu yard\u0131m\u0131 alan adaylar, il merkezinde \u00d6SYM taraf\u0131ndan haz\u0131rlanacak her t\u00fcrl\u00fc kablolu-kablosuz ileti\u015fimi kesilmi\u015f s\u0131nav salonlar\u0131nda s\u0131nava al\u0131nacaklard\u0131r.<\/p><p>7-\u00dczerinde protez, ortezi olan adaylar (Protez, ortez giysi alt\u0131nda olmal\u0131d\u0131r), Bina S\u0131nav Sorumlusu Yard\u0131mc\u0131s\u0131n\u0131n kontrol\u00fcnde engelli salonlar\u0131nda s\u0131nava al\u0131nacaklard\u0131r. \u00dczerinde protez, ortezi olan adaylardan (protez\/ortez giysi alt\u0131nda olsun veya olmas\u0131n) okuyucu yard\u0131m\u0131 talep edenler ise, il merkezinde \u00d6SYM taraf\u0131ndan haz\u0131rlanacak her t\u00fcrl\u00fc kablolu-kablosuz ileti\u015fimi kesilmi\u015f s\u0131nav salonlar\u0131nda s\u0131nava al\u0131nacaklard\u0131r.<\/p><p>8-\u00dczerinde diren, katater bulunan adaylar, Bina S\u0131nav Sorumlusu Yard\u0131mc\u0131s\u0131n\u0131n kontrol\u00fcnde engelli salonlar\u0131nda s\u0131nava al\u0131nacaklard\u0131r. Diren, katater giysi alt\u0131nda olmal\u0131d\u0131r. Bu adaylardan okuyucu yard\u0131m\u0131 talep edenler ile diren, katateri metal par\u00e7a i\u00e7erenleri kullanacak olan adaylar ise, il merkezinde \u00d6SYM taraf\u0131ndan haz\u0131rlanacak her t\u00fcrl\u00fc kablolu-kablosuz ileti\u015fimi kesilmi\u015f s\u0131nav salonlar\u0131nda s\u0131nava al\u0131nacaklard\u0131r.<\/p><p>9-Boyunluk \/ eldiven \/ havlu \/ pe\u00e7ete \/ bez \/ hasta bezi \/ bere \/ \u015fapka \/ bandaj kullanan adaylar tercih ettikleri s\u0131nav merkezinde engelli salonlar\u0131nda s\u0131nava girecekler ancak, bu malzemelerden metal par\u00e7a i\u00e7erenleri kullanacak adaylar, il merkezinde \u00d6SYM taraf\u0131ndan haz\u0131rlanacak her t\u00fcrl\u00fc kablolu-kablosuz ileti\u015fimi kesilmi\u015f s\u0131nav salonlar\u0131nda s\u0131nava al\u0131nacaklard\u0131r.<\/p><p>10-Korse kullanan adaylardan korsesi giysi alt\u0131nda olanlar tercih ettikleri s\u0131nav merkezinde engelli salonlar\u0131nda s\u0131nava al\u0131nacaklard\u0131r. Bu adaylardan okuyucu yard\u0131m\u0131 talep edenler ile korsesi metal par\u00e7a i\u00e7eren adaylar ise, il merkezinde \u00d6SYM taraf\u0131ndan haz\u0131rlanacak her t\u00fcrl\u00fc kablolu-kablosuz ileti\u015fimi kesilmi\u015f s\u0131nav salonlar\u0131nda s\u0131nava al\u0131nacaklard\u0131r.<\/p><p>11-\u0130la\u00e7 kullanacak adaylardan ila\u00e7lar\u0131n\u0131 tane ile s\u0131nav binas\u0131na getirenler tercih ettikleri s\u0131nav merkezinde engelli salonlar\u0131nda s\u0131nava al\u0131nacaklard\u0131r. Kullanacaklar\u0131 ilac\u0131 paket i\u00e7erisinde s\u0131nava getirmesi gereken adaylar, il merkezinde \u00d6SYM taraf\u0131ndan haz\u0131rlanacak her t\u00fcrl\u00fc kablolu-kablosuz ileti\u015fimi kesilmi\u015f s\u0131nav salonlar\u0131nda s\u0131nava al\u0131nacaklard\u0131r.<\/p><p>12-G\u00f6z damlas\u0131 kullanan adaylar, Bina S\u0131nav Sorumlusu Yard\u0131mc\u0131s\u0131 kontrol\u00fcnde (G\u00f6z damlas\u0131, ihtiya\u00e7 durumunda kullan\u0131lmak \u00fczere s\u0131nav s\u00fcresince Salon Ba\u015fkan\u0131n\u0131n masas\u0131n\u0131n \u00fczerinde olacakt\u0131r.) tercih ettikleri s\u0131nav merkezinde engelli salonlar\u0131nda s\u0131nava al\u0131nacaklard\u0131r.<\/p><p>13-Sonda kullanan adaylar tercih ettikleri s\u0131nav merkezinde engelli salonlar\u0131nda s\u0131nava al\u0131nacak ancak, bunlardan okuyucu yard\u0131m\u0131 talep edenler, il merkezinde \u00d6SYM taraf\u0131ndan haz\u0131rlanacak her t\u00fcrl\u00fc kablolu-kablosuz ileti\u015fimi kesilmi\u015f s\u0131nav salonlar\u0131nda s\u0131nava al\u0131nacaklard\u0131r.<\/p><p>14-Oturma simidi, yast\u0131k kullanan adaylar, Bina S\u0131nav Sorumlusu Yard\u0131mc\u0131s\u0131 kontrol\u00fcnde tercih ettikleri s\u0131nav merkezinde engelli salonlar\u0131nda s\u0131nava al\u0131nacaklard\u0131r. Bu adaylardan okuyucu yard\u0131m\u0131 talep edenler ise, il merkezinde \u00d6SYM taraf\u0131ndan haz\u0131rlanacak her t\u00fcrl\u00fc kablolu-kablosuz ileti\u015fimi kesilmi\u015f s\u0131nav salonlar\u0131nda s\u0131nava al\u0131nacaklard\u0131r.<\/p><p>15-Pant ve dizlik kullanan adaylar, bu malzemeleri giysi alt\u0131nda olmak kayd\u0131yla tercih ettikleri s\u0131nav merkezinde engelli salonlar\u0131nda s\u0131nava al\u0131nacaklard\u0131r. Bu adaylardan okuyucu talep eden adaylar ise, il merkezinde \u00d6SYM taraf\u0131ndan haz\u0131rlanacak her t\u00fcrl\u00fc kablolu-kablosuz ileti\u015fimi kesilmi\u015f s\u0131nav salonlar\u0131nda s\u0131nava al\u0131nacaklard\u0131r.<\/p><p>16-\u0130\u015fitme Cihaz\u0131 ve Biyonik Kulak kullanan adaylar, e\u011fer kulakl\u0131klar ve cihazlar\u0131 bedenlerinden ayr\u0131labilir ise bu cihazlar\u0131 ile s\u0131nav binalar\u0131na al\u0131nacak ancak, cihazlar engelli salonlar\u0131nda salon g\u00f6revlileri taraf\u0131ndan adaydan s\u0131nav \u00f6ncesi teslim al\u0131narak s\u0131nav tamamland\u0131ktan sonra tekrar adaya teslim edilecektir. S\u0131nav esnas\u0131nda \u0130\u015fitme Cihaz\u0131 ve Biyonik Kulak kullanmak durumunda kalan adaylar ile bu cihazlar\u0131n\u0131 salon g\u00f6revlilerine teslim etmek istemeyen adaylar ise, il merkezinde \u00d6SYM taraf\u0131ndan haz\u0131rlanacak her t\u00fcrl\u00fc kablolu-kablosuz ileti\u015fimi kesilmi\u015f s\u0131nav salonlar\u0131nda s\u0131nava al\u0131nacaklard\u0131r.<\/p><p>17-Tekerlekli sandalye (ak\u00fcl\u00fc olanlar d\u00e2hil) kullanan adaylar, tercih ettikleri s\u0131nav merkezinde engelli salonlar\u0131nda s\u0131nava al\u0131nacaklard\u0131r. Bu adaylardan okuyucu talep eden adaylar ise, il merkezinde \u00d6SYM taraf\u0131ndan haz\u0131rlanacak her t\u00fcrl\u00fc kablolu-kablosuz ileti\u015fimi kesilmi\u015f s\u0131nav salonlar\u0131nda s\u0131nava al\u0131nacaklard\u0131r.<\/p><p>18-Koltuk de\u011fne\u011fi \/ baston \/ kanedyen \/ y\u00fcr\u00fcte\u00e7 kullanan adaylar, tercih ettikleri s\u0131nav merkezinde engelli salonlar\u0131nda s\u0131nava al\u0131nacaklard\u0131r. Bu malzemeler, salon g\u00f6revlileri taraf\u0131ndan adaydan s\u0131nav \u00f6ncesi teslim al\u0131narak s\u0131nav tamamland\u0131ktan sonra tekrar adaya teslim edilecektir.<\/p><p>19 Elektronik olmayan b\u00fcy\u00fcte\u00e7 kullanan adaylar, tercih ettikleri s\u0131nav merkezinde engelli salonlar\u0131nda s\u0131nava al\u0131nacaklard\u0131r. B\u00fcy\u00fcteci metal par\u00e7a i\u00e7eren adaylar ise, il merkezinde \u00d6SYM taraf\u0131ndan haz\u0131rlanacak her t\u00fcrl\u00fc kablolu-kablosuz ileti\u015fimi kesilmi\u015f s\u0131nav salonlar\u0131nda s\u0131nava al\u0131nacaklard\u0131r.<\/p><p>20-Prizmatik G\u00f6zl\u00fck, teleskopik g\u00f6zl\u00fck kullanan adaylar (sadece \u00e7er\u00e7eve ise) tercih ettikleri s\u0131nav merkezinde engelli salonlar\u0131nda s\u0131nava al\u0131nacaklard\u0131r. Bu malzemelerinde bir aparat tak\u0131l\u0131 olan adaylar ise, il merkezinde \u00d6SYM taraf\u0131ndan haz\u0131rlanacak her t\u00fcrl\u00fc kablolu-kablosuz ileti\u015fimi kesilmi\u015f s\u0131nav salonlar\u0131nda s\u0131nava al\u0131nacaklard\u0131r.<\/p><p>21-Abak\u00fcs kullanan adaylar, Bina S\u0131nav Sorumlusu Yard\u0131mc\u0131s\u0131n\u0131n kontrol\u00fc ile tercih ettikleri s\u0131nav merkezinde engelli salonlar\u0131nda s\u0131nava al\u0131nacaklard\u0131r. \u00dczerinde herhangi bir ola\u011fan d\u0131\u015f\u0131 aparat olan cihazla s\u0131nava girecek adaylar, il merkezinde \u00d6SYM taraf\u0131ndan haz\u0131rlanacak her t\u00fcrl\u00fc kablolu-kablosuz ileti\u015fimi kesilmi\u015f s\u0131nav salonlar\u0131nda s\u0131nava al\u0131nacaklard\u0131r.<\/p><p>22-K\u00fcpta\u015f veya Kabartmal\u0131 Yaz\u0131 Tableti kullanan adaylar\u0131n bu malzemeleri plastik ise tercih ettikleri s\u0131nav merkezinde engelli salonlar\u0131nda s\u0131nava al\u0131nacaklard\u0131r. Metal kalem kullanacaklar i\u00e7in bu malzeme kontrol edilip tutana\u011fa ola\u011fan d\u0131\u015f\u0131 bir durum olmad\u0131\u011f\u0131 yaz\u0131lacakt\u0131r. Aksi takdirde aday s\u0131nava al\u0131nmayacakt\u0131r. Kalem d\u0131\u015f\u0131nda metal aksaml\u0131 malzeme kullanacak olan adaylar ise, il merkezinde \u00d6SYM taraf\u0131ndan haz\u0131rlanacak her t\u00fcrl\u00fc kablolu-kablosuz ileti\u015fimi kesilmi\u015f s\u0131nav salonlar\u0131nda s\u0131nava al\u0131nacaklard\u0131r.<\/p><p>23-Braille Daktilo kullanan adaylar, il merkezinde \u00d6SYM taraf\u0131ndan haz\u0131rlanacak her t\u00fcrl\u00fc kablolu-kablosuz ileti\u015fimi kesilmi\u015f s\u0131nav salonlar\u0131nda s\u0131nava al\u0131nacaklard\u0131r.<\/p><p>24-Tahta ve Beyaz Tahta Kalemi kullanan adaylar, tercih ettikleri s\u0131nav merkezinde engelli salonlar\u0131nda s\u0131nava al\u0131nacaklard\u0131r. Bu malzemesi metal par\u00e7a i\u00e7erenler ile okuyucu talep eden adaylar ise, il merkezinde \u00d6SYM taraf\u0131ndan haz\u0131rlanacak her t\u00fcrl\u00fc kablolu-kablosuz ileti\u015fimi kesilmi\u015f s\u0131nav salonlar\u0131nda s\u0131nava al\u0131nacaklard\u0131r.<\/p><p>25-B\u00fcy\u00fcte\u00e7 g\u00f6zl\u00fc\u011f\u00fc kullanan adaylar, bu malzemeleri Bina S\u0131nav Sorumlusu Yard\u0131mc\u0131s\u0131 taraf\u0131ndan kontrol edilerek tercih ettikleri s\u0131nav merkezinde engelli salonlar\u0131nda s\u0131nava al\u0131nacaklard\u0131r. Bu malzemelerinde bir aparat tak\u0131l\u0131 olan adaylar ise, il merkezinde \u00d6SYM taraf\u0131ndan haz\u0131rlanacak her t\u00fcrl\u00fc kablolu-kablosuz ileti\u015fimi kesilmi\u015f s\u0131nav salonlar\u0131nda s\u0131nava al\u0131nacaklard\u0131r.<\/p><p>26-Ast\u0131m ilac\u0131, spreyi\/pompas\u0131 kullanan adaylar, Bina S\u0131nav Sorumlusu Yard\u0131mc\u0131s\u0131 kontrol\u00fcnde tercih ettikleri s\u0131nav merkezinde engelli salonlar\u0131nda s\u0131nava al\u0131nacaklard\u0131r. Bu ara\u00e7 gere\u00e7 ve cihazlar, ihtiya\u00e7 durumunda kullan\u0131lmak \u00fczere s\u0131nav s\u00fcresince Salon Ba\u015fkan\u0131n\u0131n masas\u0131n\u0131n \u00fczerinde duracakt\u0131r.<\/p><cite>\u00d6SYM YKS Klavuzu 2020<\/cite><\/blockquote>\n\n\n\n<h4 class=\"wp-block-heading\"><span id=\"YKS_Sinavina_Bir_Alet_8211_Esya_8211_Arac_Gerec_Getirecek_Herkes_Icin_Genel_Kurallar\">YKS S\u0131nav\u0131na Bir Alet &#8211; E\u015fya &#8211; Ara\u00e7 Gere\u00e7 Getirecek Herkes \u0130\u00e7in Genel Kurallar<\/span><\/h4>\n\n\n\n<blockquote class=\"wp-block-quote is-layout-flow wp-block-quote-is-layout-flow\"><p>KURAL 1: Engel\/sa\u011fl\u0131k nedeniyle herhangi bir alet\/ara\u00e7 gere\u00e7 kullanan engelli adaylardan okuyucu talep edenler, il merkezinde \u00d6SYM taraf\u0131ndan haz\u0131rlanacak her t\u00fcrl\u00fc kablolu-kablosuz ileti\u015fimi kesilmi\u015f s\u0131nav salonlar\u0131nda s\u0131nava al\u0131nacaklard\u0131r.<\/p><p>KURAL 2: Engeli nedeniyle herhangi bir elektronik alet\/ara\u00e7 gere\u00e7 kullanan engelli adaylar, il merkezinde \u00d6SYM taraf\u0131ndan haz\u0131rlanacak her t\u00fcrl\u00fc kablolu-kablosuz ileti\u015fimi kesilmi\u015f s\u0131nav salonlar\u0131nda s\u0131nava al\u0131nacaklard\u0131r.<\/p><p>KURAL 3: V\u00fccut \u00fczerine monte edilen ve elektronik olmayan alet ve ara\u00e7larla (giysi alt\u0131nda olmak ko\u015fulu ile) s\u0131nava girecek adaylar, tercih ettikleri s\u0131nav merkezinde engelli salonlar\u0131nda s\u0131nava al\u0131nacaklard\u0131r.<\/p><p>KURAL 4: Engelli salonunda herhangi bir alet\/ara\u00e7 gere\u00e7 ile s\u0131nava giren aday olmas\u0131 durumunda Bina S\u0131nav Sorumlusu Yard\u0131mc\u0131s\u0131 bu alet\/ara\u00e7 gereci tek tek kontrol edecek, bu alet\/ara\u00e7 gere\u00e7 \u00fczerinde metal unsurlar bulunmad\u0131\u011f\u0131 takdirde aday\u0131 binaya alacakt\u0131r.<\/p><p>KURAL 5: Metal nitelikli alet, ara\u00e7 gere\u00e7 ve cihaz beyan\u0131nda bulunmad\u0131\u011f\u0131 halde \u00fczerinde bu t\u00fcr metal i\u00e7erikli e\u015fya olan adaylar, atanm\u0131\u015f olduklar\u0131 binalarda s\u00f6z konusu alet, ara\u00e7 gere\u00e7 ve cihazla s\u0131nava al\u0131nmayacaklard\u0131r.<\/p><p>KURAL 6: \u0130\u015faretleyici yard\u0131m\u0131 talep eden adaylardan engeli nedeniyle s\u0131navda metal e\u015fya\/cihaz alet bulundurmak durumunda olanlar, s\u0131navda sorular\u0131 y\u00fcksek sesle kendileri okuyacak ise, il merkezinde \u00d6SYM taraf\u0131ndan haz\u0131rlanacak her t\u00fcrl\u00fc kablolu-kablosuz ileti\u015fimi kesilmi\u015f s\u0131nav salonlar\u0131nda s\u0131nava al\u0131nacaklard\u0131r.<\/p><p>KURAL 7: \u00dczerinde cihaz bulunan engellilerden sorular\u0131 y\u00fcksek sesle okumak isteyenler, il merkezinde \u00d6SYM taraf\u0131ndan haz\u0131rlanacak her t\u00fcrl\u00fc kablolu-kablosuz ileti\u015fimi kesilmi\u015f s\u0131nav salonlar\u0131nda s\u0131nava al\u0131nacaklard\u0131r.<\/p><p>KURAL 8: Giysi alt\u0131nda kabul edilen cihazlar\u0131n s\u0131nav s\u0131ras\u0131nda giysi \u00fczerine \u00e7\u0131kart\u0131lmas\u0131 veya bedenden ayr\u0131lmas\u0131 durumunda aday\u0131n s\u0131nav\u0131 ge\u00e7ersiz say\u0131lacakt\u0131r. Aday, hemen Bina S\u0131nav Sorumlusu odas\u0131na g\u00f6t\u00fcr\u00fclerek s\u0131nav s\u00fcresi boyunca burada bekletilecek, s\u0131navdan sonra bina d\u0131\u015f\u0131na \u00e7\u0131kmas\u0131na m\u00fcsaade edilecektir. S\u00f6z konusu cihaz tutanakla \u00d6SYM\u2019ye g\u00f6nderilecektir.<\/p><p>KURAL 9: \u00d6SYM taraf\u0131ndan her t\u00fcrl\u00fc kablolu-kablosuz ileti\u015fimi kesilmi\u015f s\u0131nav binalar\u0131na atanan adaylar, ihtiyac\u0131 olan ara\u00e7 gere\u00e7 ve cihazlar\u0131 kendileri getireceklerdir. S\u0131navdan \u00f6nce s\u0131nav g\u00f6revlileri bu ara\u00e7 gere\u00e7 ve cihazlar\u0131 kontrol edecek ves\u0131nav g\u00fcvenli\u011fini zedeleyecek bir durum olmad\u0131\u011f\u0131n\u0131 onaylay\u0131p kullan\u0131m izni verdi\u011fi takdirde adaylar, s\u00f6z konusu ara\u00e7 gere\u00e7 ve cihazlar\u0131n\u0131 s\u0131navda kullanabileceklerdir. G\u00fcvenlik ihlali yapan adaylar,s\u0131nav binalar\u0131na al\u0131nmayacaklard\u0131r.<\/p><p>KURAL 10: Adaylar, s\u0131navda kullanmak istedikleri cihazlar\u0131n \u00f6zelliklerini de belirtir dilek\u00e7elerini, ba\u015fvuru s\u00fcresi i\u00e7erisinde \u00d6SYM\u2019ye ileteceklerdir. \u00d6SYM, cihaz\u0131n \u00f6zelliklerini inceleyecek ve gerekirse cihaz ile ilgili ek bilgiler talep ederek yukar\u0131daki a\u00e7\u0131klamalar \u00e7er\u00e7evesinde aday\u0131n s\u0131nav merkezini belirleyebilecektir. \u00d6SYM taraf\u0131ndan onaylanmam\u0131\u015f ve S\u0131nava Giri\u015f Belgesinde yaz\u0131l\u0131 olmayan bir cihaz ile s\u0131nav binas\u0131na gelen adaylar,bu cihazlar\u0131 ile s\u0131nava al\u0131nmayacaklard\u0131r.<\/p><cite>\u00d6SYM YKS S\u0131nav Klavuzu &#8211; 2020<\/cite><\/blockquote>\n","protected":false},"excerpt":{"rendered":"<p>Sevgili \u00f6\u011frencim, bu yaz\u0131mda sana YKS sa\u011fl\u0131k engel bilgi formu hakk\u0131nda bigli verece\u011fim va nas\u0131l doldurulaca\u011f\u0131n\u0131 detaylar\u0131yla anlataca\u011f\u0131m. \u00d6ncelikle, sa\u011fl\u0131k durumunda bir sorun varsa &#8220;Ge\u00e7mi\u015f olsun.&#8221; diyorum ve acil \u015fifalar diliyorum. Engel durumun varsa da &#8220;As\u0131l engel zihinlerdedir.&#8221; diyorum va ba\u015far\u0131lar diliyorum.<\/p>\n","protected":false},"author":1,"featured_media":194,"comment_status":"open","ping_status":"open","sticky":false,"template":"","format":"standard","meta":{"footnotes":""},"categories":[26],"tags":[19],"class_list":["post-193","post","type-post","status-publish","format-standard","has-post-thumbnail","hentry","category-yks-sinav-basvurusu","tag-yks-saglik-engel-bilgi-formu"],"_links":{"self":[{"href":"https:\/\/sitecenneti.com\/kimya\/wp-json\/wp\/v2\/posts\/193","targetHints":{"allow":["GET"]}}],"collection":[{"href":"https:\/\/sitecenneti.com\/kimya\/wp-json\/wp\/v2\/posts"}],"about":[{"href":"https:\/\/sitecenneti.com\/kimya\/wp-json\/wp\/v2\/types\/post"}],"author":[{"embeddable":true,"href":"https:\/\/sitecenneti.com\/kimya\/wp-json\/wp\/v2\/users\/1"}],"replies":[{"embeddable":true,"href":"https:\/\/sitecenneti.com\/kimya\/wp-json\/wp\/v2\/comments?post=193"}],"version-history":[{"count":0,"href":"https:\/\/sitecenneti.com\/kimya\/wp-json\/wp\/v2\/posts\/193\/revisions"}],"wp:featuredmedia":[{"embeddable":true,"href":"https:\/\/sitecenneti.com\/kimya\/wp-json\/wp\/v2\/media\/194"}],"wp:attachment":[{"href":"https:\/\/sitecenneti.com\/kimya\/wp-json\/wp\/v2\/media?parent=193"}],"wp:term":[{"taxonomy":"category","embeddable":true,"href":"https:\/\/sitecenneti.com\/kimya\/wp-json\/wp\/v2\/categories?post=193"},{"taxonomy":"post_tag","embeddable":true,"href":"https:\/\/sitecenneti.com\/kimya\/wp-json\/wp\/v2\/tags?post=193"}],"curies":[{"name":"wp","href":"https:\/\/api.w.org\/{rel}","templated":true}]}}